{"id":13703,"date":"2023-04-13T11:11:07","date_gmt":"2023-04-13T09:11:07","guid":{"rendered":"https:\/\/green-gate.eu\/blog\/je-dobre-vediet\/mikroplasty-v-kozmetike-viete-o-nich\/"},"modified":"2023-10-06T17:36:41","modified_gmt":"2023-10-06T15:36:41","slug":"mikroplasty-v-kozmetike-viete-o-nich","status":"publish","type":"post","link":"https:\/\/green-gate.eu\/sk\/blog\/a-co-plasty-sk\/mikroplasty-v-kozmetike-viete-o-nich\/","title":{"rendered":"Mikroplasty v&nbsp;kozmetike \u2013 viete o&nbsp;nich?"},"content":{"rendered":"<p>[et_pb_section fb_built=&#8220;1&#8243; _builder_version=&#8220;4.20.2&#8243; _module_preset=&#8220;default&#8220; global_colors_info=&#8220;{}&#8220;][et_pb_row _builder_version=&#8220;4.20.2&#8243; _module_preset=&#8220;default&#8220; global_colors_info=&#8220;{}&#8220;][et_pb_column type=&#8220;4_4&#8243; _builder_version=&#8220;4.20.2&#8243; _module_preset=&#8220;default&#8220; global_colors_info=&#8220;{}&#8220;][et_pb_text _builder_version=&#8220;4.21.0&#8243; _module_preset=&#8220;default&#8220; global_colors_info=&#8220;{}&#8220;]<\/p>\n<p>V\u00fdrobky osobnej starostlivosti a&nbsp;kozmetika sa pou\u017e\u00edvaj\u00fa v\u0161ade vo svete. Siahame po nich v\u0161etci, ka\u017edodenne. V&nbsp;t\u00fdchto v\u00fdrobkoch sa v\u0161ak \u010dasto nach\u00e1dzaj\u00fa mikroplasty, s&nbsp;ktor\u00fdmi s\u00favisia r\u00f4zne rizik\u00e1 \u2013 \u0161t\u00fadie poukazuj\u00fa na ich negat\u00edvny vplyv na \u017eivotn\u00e9 prostredie i&nbsp;na \u013eudsk\u00e9 zdravie. Eur\u00f3pska \u00fania sa preto od roku 2017 sna\u017e\u00ed z\u00e1mern\u00e9 pou\u017e\u00edvanie mikroplastov vo v\u00fdrobkoch osobnej starostlivosti obmedzi\u0165.  <\/p>\n<p>V tomto \u010dl\u00e1nku sa venujeme mikroplastom v&nbsp;kozmetick\u00fdch v\u00fdrobkoch. Chceme v\u00e1m uk\u00e1za\u0165, ako m\u00f4\u017eete aj vy sami tento glob\u00e1lny environment\u00e1lny probl\u00e9m minimalizova\u0165 \u2013 ve\u010f ka\u017ed\u00fd \u010din sa po\u010d\u00edta!<\/p>\n<h3>Fakty o&nbsp;plastoch<\/h3>\n<p>Plasty n\u00e1jdeme v\u0161ade okolo n\u00e1s. V\u010faka svojim v\u0161estrann\u00fdm vlastnostiam sa pou\u017e\u00edvaj\u00fa v&nbsp;\u0161irokej \u0161k\u00e1le priemyseln\u00fdch odvetv\u00ed a&nbsp;d\u00e1 sa z&nbsp;nich vyrobi\u0165 takmer v\u0161etko: obaly, aut\u00e1, farby, hra\u010dky at\u010f. Plastov\u00fd znamen\u00e1 odoln\u00fd, u\u017eito\u010dn\u00fd, \u013eahk\u00fd, lacn\u00fd, poddajn\u00fd, pevn\u00fd a&nbsp;pri uv\u00e1\u017eenom pou\u017eit\u00ed aj recyklovate\u013en\u00fd a&nbsp;udr\u017eate\u013en\u00fd. Plastov\u00e9 v\u00fdrobky pou\u017e\u00edvame na to, aby bol n\u00e1\u0161 \u017eivot \u010distej\u0161\u00ed, bezpe\u010dnej\u0161\u00ed, jednoduch\u0161\u00ed a&nbsp;pohodlnej\u0161\u00ed. Plasty s\u00fa tie\u017e motorom inov\u00e1ci\u00ed, u\u013eah\u010duj\u00fa efekt\u00edvne vyu\u017e\u00edvanie zdrojov, zachra\u0148uj\u00fa \u017eivoty v&nbsp;zdravotn\u00edctve, vytv\u00e1raj\u00fa bezpe\u010dnostn\u00e9 rie\u0161enia a&nbsp;maj\u00fa pozit\u00edvny vplyv na ochranu kl\u00edmy. Napr\u00edklad plastov\u00e9 komponenty v&nbsp;modern\u00fdch automobiloch zni\u017euj\u00fa ich hmotnos\u0165 a&nbsp;emisie, \u013eahk\u00e9 plastov\u00e9 obaly zni\u017euj\u00fa mno\u017estvo plastov\u00e9ho odpadu, plastov\u00e9 izol\u00e1cie s\u00fa energeticky \u00fa\u010dinnej\u0161ie&#8230;     <\/p>\n<p>[\/et_pb_text][et_pb_text _builder_version=&#8220;4.21.0&#8243; _module_preset=&#8220;a4ad65fe-a656-49b2-9754-b76361c9f86c&#8220; global_colors_info=&#8220;{}&#8220;]<\/p>\n<p>\u201eT\u00e1to cenn\u00e1 komodita je v\u0161ak predmetom \u010doraz v\u00e4\u010d\u0161ieho znepokojenia kv\u00f4li zne\u010dis\u0165ovaniu \u017eivotn\u00e9ho prostredia. M\u00f4\u017eeme si teda logicky polo\u017ei\u0165 ot\u00e1zku: Je plast pr\u00ednosom alebo z\u00e1hubou?\u201c<\/p>\n<p>[\/et_pb_text][et_pb_text _builder_version=&#8220;4.21.0&#8243; _module_preset=&#8220;default&#8220; global_colors_info=&#8220;{}&#8220;]<\/p>\n<h3>Tu je nieko\u013eko zauj\u00edmav\u00fdch \u00fadajov<\/h3>\n<p>Od za\u010diatku 50.&nbsp;rokov 20.&nbsp;storo\u010dia, ke\u010f sa za\u010dala ve\u013ekov\u00fdroba syntetick\u00fdch materi\u00e1lov, \u013eudia vyprodukovali 8,3 miliardy ton plastov, \u010do zodpoved\u00e1 hmotnosti 80 mili\u00f3nov modr\u00fdch ve\u013er\u00fdb alebo 1 miliardy slonov <a href=\"https:\/\/www.iberdrola.com\/environment\/microplastics-threat-to-health\">[1]<\/a>. Ka\u017ed\u00fd rok sa vyrob\u00ed viac ako 300 mili\u00f3nov ton plastov a&nbsp;polovica z&nbsp;nich je ur\u010den\u00e1 na jednorazov\u00e9 pou\u017eitie <a href=\"https:\/\/www.iucn.org\/resources\">[2]<\/a>. V&nbsp;roku 2020 eur\u00f3psky plastov\u00fd priemysel zamestn\u00e1val takmer 1,5 mili\u00f3na \u013eud\u00ed v&nbsp;pribli\u017ene 55&nbsp;000 spolo\u010dnostiach, v&nbsp;ktor\u00fdch v\u00fdroba dosiahla 58 mili\u00f3nov ton v&nbsp;porovnan\u00ed s&nbsp;368 mili\u00f3nmi ton celosvetovej produkcie plastov <a href=\"https:\/\/plasticseurope.org\/knowledge-hub\/plastics-the-facts-2020\/\">[3]<\/a>. Hoci sa \u010das\u0165 plastov\u00e9ho odpadu recykluje (pribli\u017ene 9&nbsp;%), v\u00e4\u010d\u0161ina kon\u010d\u00ed na skl\u00e1dkach a&nbsp;v&nbsp;pr\u00edrode, kde zost\u00e1va, hromad\u00ed sa alebo sa rozklad\u00e1 na mikro\u010dastice. Tie potom zne\u010dis\u0165uj\u00fa vodu a&nbsp;ovzdu\u0161ie, \u0161kodia morsk\u00fdm \u017eivo\u010d\u00edchom a&nbsp;nakoniec ich m\u00f4\u017ee prehltn\u00fa\u0165 aj \u010dlovek <a href=\"https:\/\/www.iberdrola.com\/environment\/microplastics-threat-to-health\">[1]<\/a>. Odhaduje sa, \u017ee 10&nbsp;% vyprodukovan\u00fdch plastov kon\u010d\u00ed v&nbsp;oce\u00e1noch a&nbsp;predstavuje a\u017e 80&nbsp;% v\u0161etk\u00e9ho morsk\u00e9ho odpadu <a href=\"https:\/\/www.sciencedirect.com\/science\/article\/abs\/pii\/S2468584417300235\">[4]<\/a>.<\/p>\n<p>[\/et_pb_text][et_pb_text _builder_version=&#8220;4.21.0&#8243; _module_preset=&#8220;a4ad65fe-a656-49b2-9754-b76361c9f86c&#8220; global_colors_info=&#8220;{}&#8220;]<\/p>\n<p>\u201eMysl\u00edte na vplyv plastov na \u017eivotn\u00e9 prostredie, ke\u010f nakupujete?\u201c<\/p>\n<p>[\/et_pb_text][et_pb_text _builder_version=&#8220;4.21.0&#8243; _module_preset=&#8220;default&#8220; global_colors_info=&#8220;{}&#8220;]<\/p>\n<h3>Od (makro)plastov k&nbsp;mikroplastom<\/h3>\n<p>V posledn\u00fdch rokoch boli mikroplasty zaznamenan\u00e9 v&nbsp;r\u00f4znych vodn\u00fdch ekosyst\u00e9moch a&nbsp;celosvetovo sa zv\u00fd\u0161ili obavy o&nbsp;stav \u017eivotn\u00e9ho prostredia. Mikroplasty s\u00fa definovan\u00e9 ako \u010dlovekom vyroben\u00e9 plastov\u00e9 \u010dastice (pevn\u00e9 syntetick\u00e9 polym\u00e9ry) men\u0161ie ako 5 mm [<a href=\"https:\/\/circabc.europa.eu\/ui\/group\/8ee3c69a-bccb-4f22-89ca-277e35de7c63\/library\/a40b7f19-2eec-40c0-b905-08e74efe7747\">5<\/a>, <a href=\"https:\/\/echa.europa.eu\/sk\/home\">6<\/a>]. Pod\u013ea p\u00f4vodu ich mo\u017eno rozdeli\u0165 na prim\u00e1rne a&nbsp;sekund\u00e1rne mikroplasty.  Prim\u00e1rne mikroplasty s\u00fa plastov\u00e9 polym\u00e9ry, ktor\u00e9 sa vyr\u00e1baj\u00fa v&nbsp;mikroskopick\u00fdch rozmeroch a&nbsp;be\u017ene sa pou\u017e\u00edvaj\u00fa v&nbsp;r\u00f4znych \u010distiacich, le\u0161tiacich a&nbsp;drhn\u00facich v\u00fdrobkoch (napr\u00edklad v&nbsp;oplachovej kozmetike). Sekund\u00e1rne mikroplasty vznikaj\u00fa v&nbsp;d\u00f4sledku rozkladu (makro)plastov alebo plastov\u00e9ho odpadu v&nbsp;\u017eivotnom prostred\u00ed, \u010do je zapr\u00ed\u010dinen\u00e9 r\u00f4znymi fyzik\u00e1lno-chemick\u00fdmi alebo biologick\u00fdmi procesmi (napr. UV \u017eiaren\u00edm). Pravdepodobne ste u\u017e vo svojom okol\u00ed videli odhoden\u00e9 alebo odlo\u017een\u00e9 plastov\u00e9 f\u013ea\u0161e \u010di obaly. Ve\u013ek\u00e1 \u010das\u0165 mikroplastov\u00fdch \u010dast\u00edc v&nbsp;\u017eivotnom prostred\u00ed vznik\u00e1 rozpadom v\u00e4\u010d\u0161\u00edch plastov\u00fdch predmetov.   <\/p>\n<p>[\/et_pb_text][et_pb_text _builder_version=&#8220;4.21.0&#8243; _module_preset=&#8220;a4ad65fe-a656-49b2-9754-b76361c9f86c&#8220; global_colors_info=&#8220;{}&#8220;]<\/p>\n<p>\u201eOdhaduje sa, \u017ee celkovo sa v&nbsp;E\u00da\/EHP ro\u010dne pou\u017eije pribli\u017ene 145&nbsp;000 ton mikroplastov <a href=\"https:\/\/echa.europa.eu\/sk\/home\">[6]<\/a> a&nbsp;\u017ee priemern\u00fd spotrebite\u013e denne vyhod\u00ed 2,4 g mikroplastov <a href=\"https:\/\/toxicslink.org\/\">[7]<\/a>.\u201c<\/p>\n<p>[\/et_pb_text][et_pb_text _builder_version=&#8220;4.21.0&#8243; _module_preset=&#8220;default&#8220; global_colors_info=&#8220;{}&#8220;]<\/p>\n<p>Prim\u00e1rne mikroplasty sa m\u00f4\u017eu ne\u00famyselne tvori\u0165 a&nbsp;uvo\u013e\u0148ova\u0165 do \u017eivotn\u00e9ho prostredia, ke\u010f sa v\u00e4\u010d\u0161ie kusy plastov, ako s\u00fa napr\u00edklad pneumatiky automobilov alebo syntetick\u00e9 text\u00edlie, obrusuj\u00fa, opotreb\u00favaj\u00fa a&nbsp;trhaj\u00fa. Na druhej strane sa mikroplasty z\u00e1merne prid\u00e1vaj\u00fa do mno\u017estva v\u00fdrobkov vr\u00e1tane v\u00fdrobkov osobnej starostlivosti a&nbsp;kozmetick\u00fdch v\u00fdrobkov, hnoj\u00edv, pr\u00edpravkov na ochranu rastl\u00edn, dom\u00e1cich a&nbsp;priemyseln\u00fdch detergentov, \u010distiacich prostriedkov, farieb a&nbsp;v\u00fdrobkov pou\u017e\u00edvan\u00fdch v&nbsp;ropnom a&nbsp;plyn\u00e1renskom priemysle. \u010casto si neuvedomujeme, ko\u013eko prim\u00e1rnych mikroplastov je pr\u00edtomn\u00fdch v&nbsp;na\u0161om ka\u017edodennom \u017eivote. Odhaduje sa, \u017ee v\u00e4\u010d\u0161ina prim\u00e1rnych mikroplastov v&nbsp;oce\u00e1noch poch\u00e1dza z&nbsp;pneumat\u00edk (28&nbsp;%) a&nbsp;syntetick\u00fdch text\u00edli\u00ed (35&nbsp;%). Mikroplasty z&nbsp;v\u00fdrobkov osobnej starostlivosti sa na v\u0161etk\u00fdch prim\u00e1rnych mikroplastoch v&nbsp;oce\u00e1noch podie\u013eaj\u00fa 2&nbsp;% <a href=\"https:\/\/www.iberdrola.com\/environment\/microplastics-threat-to-health\">[1]<\/a>, <a href=\"https:\/\/www.iucn.org\/resources\">[2]<\/a>.    <\/p>\n<h3>Mikroplasty ako mikroperli\u010dky<\/h3>\n<p>Mikroplastov\u00e9 zlo\u017eky sa prid\u00e1vaj\u00fa aj do kozmetick\u00fdch v\u00fdrobkov s&nbsp;cie\u013eom zlep\u0161i\u0165 vlastnosti v\u00fdrobku. Najzn\u00e1mej\u0161ie a&nbsp;najpou\u017e\u00edvanej\u0161ie s\u00fa ako abraz\u00edva, ktor\u00e9 s\u00fa ur\u010den\u00e9 na odstra\u0148ovanie odumretej ko\u017ee a&nbsp;\u010distenie poko\u017eky <a href=\"https:\/\/echa.europa.eu\/documents\/10162\/05bd96e3-b969-0a7c-c6d0-441182893720\">[8]<\/a>.  Prid\u00e1vaj\u00fa sa aj ako exfolia\u010dn\u00e9, via\u017euce, suspenduj\u00face (emulg\u00e1tor), filmotvorn\u00e9, zahus\u0165uj\u00face, estetick\u00e9, zmat\u0148uj\u00face alebo antistatick\u00e9 l\u00e1tky <a href=\"https:\/\/toxicslink.org\/\">[7]<\/a>. Pri pou\u017eit\u00ed v&nbsp;kozmetike sa mikroplasty ozna\u010duj\u00fa ako mikroperli\u010dky alebo mikrogu\u013e\u00f4\u010dky: ide o&nbsp;drobn\u00e9 \u010dastice, ktor\u00fdch ve\u013ekos\u0165 je zvy\u010dajne men\u0161ia ako 1 mm. Mikroplasty vo v\u00fdrobkoch, ktor\u00e9 sa neoplachuj\u00fa, ako s\u00fa ple\u0165ov\u00e9 vody, mejkap, dezodoranty, opa\u013eovacie kr\u00e9my, s\u00fa zvy\u010dajne e\u0161te men\u0161ie, pribli\u017ene v&nbsp;rozsahu mikrometrov a\u017e nanometrov <a href=\"https:\/\/toxicslink.org\/\">[7]<\/a>. <\/p>\n<p>[\/et_pb_text][et_pb_text _builder_version=&#8220;4.21.0&#8243; _module_preset=&#8220;a4ad65fe-a656-49b2-9754-b76361c9f86c&#8220; global_colors_info=&#8220;{}&#8220;]<\/p>\n<p>\u201eDo niektor\u00fdch kozmetick\u00fdch v\u00fdrobkov sa mikroplasty prid\u00e1vaj\u00fa z\u00e1merne s&nbsp;cie\u013eom zabezpe\u010di\u0165 a&nbsp;zlep\u0161i\u0165 funkciu v\u00fdrobku. \u010casto o&nbsp;t\u00fdchto chemik\u00e1li\u00e1ch nevieme, \u010do znamen\u00e1, \u017ee ne\u00famyselne prispievame k&nbsp;zaneseniu mikroplastov do \u017eivotn\u00e9ho prostredia.\u201c<\/p>\n<p>[\/et_pb_text][et_pb_image src=&#8220;https:\/\/green-gate.eu\/wp-content\/uploads\/2023\/06\/microplastic-in-personal-care.png&#8220; title_text=&#8220;microplastic-in-personal-care&#8220; _builder_version=&#8220;4.21.0&#8243; _module_preset=&#8220;32fecfd5-025d-42fc-9828-d86bb0da2821&#8243; global_colors_info=&#8220;{}&#8220;][\/et_pb_image][et_pb_text _builder_version=&#8220;4.21.0&#8243; _module_preset=&#8220;71bce9ad-9a5c-4bc0-a49d-5ef17a0a743b&#8220; global_colors_info=&#8220;{}&#8220;]<\/p>\n<p>Zdroj obr\u00e1zku: A. Bubik<\/p>\n<p>[\/et_pb_text][et_pb_text _builder_version=&#8220;4.21.0&#8243; _module_preset=&#8220;default&#8220; global_colors_info=&#8220;{}&#8220;]<\/p>\n<p>Mikroperli\u010dky s\u00fa ve\u013emi u\u017eito\u010dn\u00e9 v&nbsp;oplachov\u00fdch v\u00fdrobkoch. Polyetyl\u00e9n (PE), polyuret\u00e1n (PU) a&nbsp;kyselina polyakrylov\u00e1 (PA) s\u00fa \u010dast\u00fdmi zlo\u017ekami r\u00f4znych v\u00fdrobkov ur\u010den\u00fdch na starostlivos\u0165 o&nbsp;poko\u017eku a&nbsp;\u010distenie, ako s\u00fa \u010distiace prostriedky na ruky, telov\u00e9 a&nbsp;tv\u00e1rov\u00e9 peelingy \u010di ple\u0165ov\u00e9 masky <a href=\"\">[5]<\/a>.  Okrem toho s\u00fa v&nbsp;kozmetike \u010dasto pr\u00edtomn\u00e9 aj vo vode rozpustn\u00e9 polym\u00e9ry, ktor\u00e9 v\u0161ak nesp\u013a\u0148aj\u00fa krit\u00e9ri\u00e1 defin\u00edcie mikroplastov, a&nbsp;preto nie s\u00fa zahrnut\u00e9 do obmedzen\u00ed a&nbsp;z\u00e1kazov E\u00da v&nbsp;oblasti z\u00e1merne prid\u00e1van\u00fdch mikroplastov. Pod\u013ea m\u00f4jho n\u00e1zoru je v&nbsp;s\u00favislosti so syntetick\u00fdmi materi\u00e1lmi vo v\u00fdrobkoch osobnej starostlivosti e\u0161te st\u00e1le ve\u013ea t\u00e9m, ktor\u00e9 treba dorie\u0161i\u0165. <\/p>\n<p>[\/et_pb_text][et_pb_text _builder_version=&#8220;4.21.0&#8243; _module_preset=&#8220;ad82dfb1-835c-4330-9bf8-b00b8058f328&#8243; global_colors_info=&#8220;{}&#8220;]<\/p>\n<p><strong>GS tip: <\/strong>Najlep\u0161\u00edm sp\u00f4sobom, ako sa vyhn\u00fa\u0165 mikroplastom, je pozorne \u010d\u00edta\u0165 inform\u00e1cie o&nbsp;zlo\u017een\u00ed v\u00fdrobku, v\u010faka \u010domu sa m\u00f4\u017eete \u013eahko dozvedie\u0165 o&nbsp;pr\u00edtomnosti syntetick\u00fdch polym\u00e9rov.<\/p>\n<p>[\/et_pb_text][et_pb_text _builder_version=&#8220;4.21.0&#8243; _module_preset=&#8220;default&#8220; global_colors_info=&#8220;{}&#8220;]<\/p>\n<p>Hoci mikroperli\u010dky z&nbsp;kozmetick\u00fdch v\u00fdrobkov neprispievaj\u00fa k&nbsp;zne\u010disteniu mikroplastmi vysok\u00fdm percentom, m\u00f4\u017eu predstavova\u0165 hrozbu pre \u017eivotn\u00e9 prostredie. Preto si mus\u00edme uvedomi\u0165, \u017ee mikroplasty s\u00fa probl\u00e9m, a&nbsp;zabr\u00e1ni\u0165 ich glob\u00e1lnemu hromadeniu so v\u0161etk\u00fdmi potenci\u00e1lne nebezpe\u010dn\u00fdmi d\u00f4sledkami \u2013 najjednoduch\u0161ie t\u00fdm, \u017ee sa \u00faplne vyhneme ich pou\u017e\u00edvaniu. V&nbsp;roku 2015 Cosmetics Europe odporu\u010dila svojim \u010dlenom, aby prestali pou\u017e\u00edva\u0165 plastov\u00e9 mikroperli\u010dky na \u010distiace a&nbsp;exfolia\u010dn\u00e9 \u00fa\u010dely v&nbsp;zm\u00fdvate\u013en\u00fdch v\u00fdrobkoch osobnej starostlivosti. V\u00fdborn\u00e1 spr\u00e1va je, \u017ee v\u010faka tomu dosiahli 97,6&nbsp;% zn\u00ed\u017eenie pou\u017e\u00edvania plastov\u00fdch mikroperli\u010diek. To potvrdzuje \u00fa\u010dinnos\u0165 dobrovo\u013enej iniciat\u00edvy tohto priemyslu <a href=\"\">[9]<\/a>.    <\/p>\n<h3>Ak\u00e9 s\u00fa hlavn\u00e9 rizik\u00e1?<\/h3>\n<p>Mikroplasty maj\u00fa potenci\u00e1l po\u0161kodzova\u0165 v\u0161etky \u017eiv\u00e9 organizmy. T\u00fdm, \u017ee maj\u00fa mikroskopick\u00e9 rozmery, sa st\u00e1vaj\u00fa biologicky dostupn\u00fdmi pre organizmy v&nbsp;celom potravinovom re\u0165azci. Okrem toho na ne v\u010faka ich zlo\u017eeniu a&nbsp;relat\u00edvne ve\u013ek\u00e9mu povrchu \u013eahko pri\u013en\u00fa vodn\u00e9 zne\u010dis\u0165uj\u00face l\u00e1tky. V&nbsp;d\u00f4sledku toho m\u00f4\u017ee po\u017eitie mikroplastov sp\u00f4sobi\u0165 expoz\u00edciu tox\u00ednom a&nbsp;bioakumul\u00e1ciu v&nbsp;potravinovom re\u0165azci    <a href=\"https:\/\/www.sciencedirect.com\/science\/article\/abs\/pii\/S1382668918305635\">[10]<\/a>.<\/p>\n<p>V roku 2017 Eur\u00f3pska komisia (EK) po\u017eiadala Eur\u00f3psku chemick\u00fa agent\u00faru (ECHA), aby pos\u00fadila vedeck\u00e9 d\u00f4kazy na prijatie regula\u010dn\u00fdch opatren\u00ed t\u00fdkaj\u00facich sa mikroplastov, ktor\u00e9 sa z\u00e1merne prid\u00e1vaj\u00fa do v\u00fdrobkov. Agent\u00fara ECHA n\u00e1sledne navrhla rozsiahle obmedzenie mikroplastov vo v\u00fdrobkoch uv\u00e1dzan\u00fdch na trh E\u00da\/EHP s&nbsp;cie\u013eom zabr\u00e1ni\u0165 ich uvo\u013e\u0148ovaniu do \u017eivotn\u00e9ho prostredia alebo ho zn\u00ed\u017ei\u0165. O\u010dak\u00e1va sa, \u017ee n\u00e1vrh zabr\u00e1ni uvo\u013eneniu 500&nbsp;000 ton mikroplastov v&nbsp;priebehu 20 rokov <a href=\"\">[6]<\/a>.  <\/p>\n<h3>\u010co \u010fal\u0161ie sa dozviete?<\/h3>\n<p>V \u010fal\u0161\u00edch \u010dl\u00e1nkoch sa dozviete o&nbsp;abraz\u00edvach v&nbsp;kozmetike aj o&nbsp;polym\u00e9roch rozpustn\u00fdch vo vode \u2013 t\u00fdm \u201ek\u00fape\u013e\u0148ov\u00fdm\u201c je polyetyl\u00e9nglykol (PEG). Okrem toho si nenechajte ujs\u0165 slovinsk\u00fa \u0161t\u00fadiu o&nbsp;mikroperli\u010dk\u00e1ch v&nbsp;zubn\u00fdch past\u00e1ch. <\/p>\n<ul>\n<li><a href=\"https:\/\/green-gate.eu\/blog\/what-about-plastics\/the-power-of-abrasives-in-cosmetics\/\">Abraz\u00edva v&nbsp;kozmetike<\/a><\/li>\n<li><a href=\"https:\/\/green-gate.eu\/sk\/blog\/a-co-plasty-sk\/mikroplasty-a-peg-y\/\">Mikroplasty a&nbsp;PEG-y<\/a><\/li>\n<li><a href=\"\/?p=4212\">Rozhovor s&nbsp;biochemikom (mikroplasty)<\/a><\/li>\n<li><a href=\"https:\/\/green-gate.eu\/blog\/what-about-plastics\/microbeads-in-our-toothpastes-what-did-data-in-slovenia-show\/\">Mikroplasty v&nbsp;zubn\u00fdch past\u00e1ch \u2013 pr\u00edpadov\u00e1 \u0161t\u00fadia<\/a><\/li>\n<\/ul>\n<p>Ver\u00edme, \u017ee na\u0161e inform\u00e1cie v\u00e1m u\u013eah\u010dia rozhodovanie o&nbsp;spr\u00e1vnom, ekologickej\u0161om a&nbsp;zdravotne bezpe\u010dnom n\u00e1kupe v\u00fdrobkov osobnej starostlivosti a&nbsp;kozmetiky.<\/p>\n<p>[\/et_pb_text][et_pb_text _builder_version=&#8220;4.21.0&#8243; _module_preset=&#8220;b69f9b3d-c69a-4c5f-a3b8-4a8a74c4c1a0&#8243; global_colors_info=&#8220;{}&#8220;]<\/p>\n<h3>Zdroje<\/h3>\n<p>[1] How do microplastics affect? Iberdrola, S.A., Bilbao, Spain, 2018.  <a href=\"https:\/\/www.iberdrola.com\/environment\/microplastics-threat-to-health\">https:\/\/www.iberdrola.com\/environment\/microplastics-threat-to-health<\/a><\/p>\n<p>[2] Marine Plastics, Issues Brief; International Union for Conservation of Nature (IUCN), Gland<br \/>Switzerland; May 2018. <a href=\"https:\/\/www.iucn.org\/resources\">https:\/\/www.iucn.org\/resources<\/a><\/p>\n<p>[3] Plastics \u2013 the Facts 2020; Plastic Europe, Brussels, Belgium, 2021. <a href=\"https:\/\/plasticseurope.org\/knowledge-hub\/plastics-the-facts-2020\/\">https:\/\/plasticseurope.org\/knowledge-hub\/plastics-the-facts-2020\/<\/a><\/p>\n<p>[4] Revel, M., Chatel, A., Mouneyrac, C., Micro(nano)plastics: A&nbsp;threat to human health?, Environmental Science and Health, Vol.1, pp. 17-18, 2018. <a href=\"https:\/\/www.sciencedirect.com\/science\/article\/abs\/pii\/S2468584417300235\">https:\/\/www.sciencedirect.com\/science\/article\/abs\/pii\/S2468584417300235<\/a><\/p>\n<p>[5] Intentionally added microplastics in&nbsp;products, Final Report, European Commission (DG Environment), Amec Foster Wheeler Environment &amp; Infrastructure UK Limited, October 2017. <a href=\"https:\/\/circabc.europa.eu\/ui\/group\/8ee3c69a-bccb-4f22-89ca-277e35de7c63\/library\/a40b7f19-2eec-40c0-b905-08e74efe7747\">https:\/\/circabc.europa.eu\/ui\/group\/8ee3c69a-bccb-4f22-89ca-277e35de7c63\/library\/a40b7f19-2eec-40c0-b905-08e74efe7747<\/a><\/p>\n<p>[6] European Chemicals Agency (ECHA), An agency of the European Union; Helsinki, Finland;<a href=\"https:\/\/echa.europa.eu\/\"> https:\/\/echa.europa.eu\/<\/a>.<\/p>\n<p>[7] Mahesh, B.P., Mukherjee, M., Yadav, K., Padhi, L., Personal (eco) care product: Microplastics in&nbsp;cosmetics. Toxics link for a&nbsp;toxics-free world, Vol.17, pp. 1-29, 2018.  <a href=\"https:\/\/toxicslink.org\/\">https:\/\/toxicslink.org\/<\/a><\/p>\n<p>[8] European Chemicals Agency (ECHA), Annex to the Annex xv restriction report, Proposal for a&nbsp;restriction. Helsinki, Finland, pp.148-149, 2019.  <a href=\"https:\/\/echa.europa.eu\/documents\/10162\/05bd96e3-b969-0a7c-c6d0-441182893720\">https:\/\/echa.europa.eu\/documents\/10162\/05bd96e3-b969-0a7c-c6d0-441182893720<\/a><\/p>\n<p>[9] Cosmetics Europe, The Personal Care Association; Brussels, Belgium. <a href=\"https:\/\/cosmeticseurope.eu\/\">https:\/\/cosmeticseurope.eu\/<\/a><\/p>\n<p>[10] Guerrantia, C., Martellini, T., Perrac, G., Scopetanib, C., Cincinelliab, A., Microplastics in&nbsp;cosmetics: Environmental issues and needs for global bans, Environmental Toxicology and Pharmacology, Vol. 68, pp. 75-79, 2019.  <a href=\"https:\/\/www.sciencedirect.com\/science\/article\/abs\/pii\/S1382668918305635\">https:\/\/www.sciencedirect.com\/science\/article\/abs\/pii\/S1382668918305635<\/a><\/p>\n<p>[\/et_pb_text][\/et_pb_column][\/et_pb_row][\/et_pb_section]<\/p>\n","protected":false},"excerpt":{"rendered":"<p>Plastov\u00e9 gu\u013e\u00f4\u010dky, zn\u00e1me aj ako mikroperli\u010dky alebo mikrogu\u013e\u00f4\u010dky, sa z\u00e1merne prid\u00e1vaj\u00fa do r\u00f4znych kozmetick\u00fdch v\u00fdrobkov.<\/p>\n","protected":false},"author":1,"featured_media":4512,"comment_status":"open","ping_status":"closed","sticky":false,"template":"","format":"standard","meta":{"_et_pb_use_builder":"on","_et_pb_old_content":"","_et_gb_content_width":"","_monsterinsights_skip_tracking":false,"_monsterinsights_sitenote_active":false,"_monsterinsights_sitenote_note":"","_monsterinsights_sitenote_category":0,"footnotes":""},"categories":[123],"tags":[],"ppma_author":[173],"yoast_head":"<!-- This site is optimized with the Yoast SEO plugin v23.2 - https:\/\/yoast.com\/wordpress\/plugins\/seo\/ -->\n<title>Mikroplasty v kozmetike \u2013 viete o nich? - GreenGate<\/title>\n<meta name=\"description\" content=\"Plastov\u00e9 gu\u013e\u00f4\u010dky, zn\u00e1me aj ako mikroperli\u010dky alebo mikrogu\u013e\u00f4\u010dky, sa z\u00e1merne prid\u00e1vaj\u00fa do r\u00f4znych kozmetick\u00fdch v\u00fdrobkov.\" \/>\n<meta name=\"robots\" content=\"index, follow, max-snippet:-1, max-image-preview:large, max-video-preview:-1\" \/>\n<link rel=\"canonical\" href=\"https:\/\/green-gate.eu\/sk\/blog\/a-co-plasty-sk\/mikroplasty-v-kozmetike-viete-o-nich\/\" \/>\n<meta property=\"og:locale\" content=\"sk_SK\" \/>\n<meta property=\"og:type\" content=\"article\" \/>\n<meta property=\"og:title\" content=\"Mikroplasty v kozmetike \u2013 viete o nich? - GreenGate\" \/>\n<meta property=\"og:description\" content=\"Plastov\u00e9 gu\u013e\u00f4\u010dky, zn\u00e1me aj ako mikroperli\u010dky alebo mikrogu\u013e\u00f4\u010dky, sa z\u00e1merne prid\u00e1vaj\u00fa do r\u00f4znych kozmetick\u00fdch v\u00fdrobkov.\" \/>\n<meta property=\"og:url\" content=\"https:\/\/green-gate.eu\/sk\/blog\/a-co-plasty-sk\/mikroplasty-v-kozmetike-viete-o-nich\/\" \/>\n<meta property=\"og:site_name\" content=\"GreenGate\" \/>\n<meta property=\"article:published_time\" content=\"2023-04-13T09:11:07+00:00\" \/>\n<meta property=\"article:modified_time\" content=\"2023-10-06T15:36:41+00:00\" \/>\n<meta property=\"og:image\" content=\"https:\/\/green-gate.eu\/wp-content\/uploads\/2023\/04\/microplastics-in-general-title-1.jpg\" \/>\n\t<meta property=\"og:image:width\" content=\"1000\" \/>\n\t<meta property=\"og:image:height\" content=\"562\" \/>\n\t<meta property=\"og:image:type\" content=\"image\/jpeg\" \/>\n<meta name=\"author\" content=\"Anja Bubik, PhD\" \/>\n<meta name=\"twitter:card\" content=\"summary_large_image\" \/>\n<meta name=\"twitter:label1\" content=\"Autor\" \/>\n\t<meta name=\"twitter:data1\" content=\"GreenGate\" \/>\n\t<meta name=\"twitter:label2\" content=\"Predpokladan\u00fd \u010das \u010d\u00edtania\" \/>\n\t<meta name=\"twitter:data2\" content=\"7 min\u00fat\" \/>\n<script type=\"application\/ld+json\" class=\"yoast-schema-graph\">{\"@context\":\"https:\/\/schema.org\",\"@graph\":[{\"@type\":\"Article\",\"@id\":\"https:\/\/green-gate.eu\/sk\/blog\/a-co-plasty-sk\/mikroplasty-v-kozmetike-viete-o-nich\/#article\",\"isPartOf\":{\"@id\":\"https:\/\/green-gate.eu\/sk\/blog\/a-co-plasty-sk\/mikroplasty-v-kozmetike-viete-o-nich\/\"},\"author\":{\"name\":\"admin\",\"@id\":\"https:\/\/green-gate.eu\/sk\/#\/schema\/person\/cc65f62f404f1cfdf713e76d8b70cbea\"},\"headline\":\"Mikroplasty v&nbsp;kozmetike \u2013 viete o&nbsp;nich?\",\"datePublished\":\"2023-04-13T09:11:07+00:00\",\"dateModified\":\"2023-10-06T15:36:41+00:00\",\"mainEntityOfPage\":{\"@id\":\"https:\/\/green-gate.eu\/sk\/blog\/a-co-plasty-sk\/mikroplasty-v-kozmetike-viete-o-nich\/\"},\"wordCount\":2140,\"commentCount\":0,\"publisher\":{\"@id\":\"https:\/\/green-gate.eu\/sk\/#organization\"},\"image\":{\"@id\":\"https:\/\/green-gate.eu\/sk\/blog\/a-co-plasty-sk\/mikroplasty-v-kozmetike-viete-o-nich\/#primaryimage\"},\"thumbnailUrl\":\"https:\/\/green-gate.eu\/wp-content\/uploads\/2023\/04\/microplastics-in-general-title-1.jpg\",\"articleSection\":[\"A \u010cO PLASTY\"],\"inLanguage\":\"sk-SK\",\"potentialAction\":[{\"@type\":\"CommentAction\",\"name\":\"Comment\",\"target\":[\"https:\/\/green-gate.eu\/sk\/blog\/a-co-plasty-sk\/mikroplasty-v-kozmetike-viete-o-nich\/#respond\"]}]},{\"@type\":\"WebPage\",\"@id\":\"https:\/\/green-gate.eu\/sk\/blog\/a-co-plasty-sk\/mikroplasty-v-kozmetike-viete-o-nich\/\",\"url\":\"https:\/\/green-gate.eu\/sk\/blog\/a-co-plasty-sk\/mikroplasty-v-kozmetike-viete-o-nich\/\",\"name\":\"Mikroplasty v kozmetike \u2013 viete o nich? - GreenGate\",\"isPartOf\":{\"@id\":\"https:\/\/green-gate.eu\/sk\/#website\"},\"primaryImageOfPage\":{\"@id\":\"https:\/\/green-gate.eu\/sk\/blog\/a-co-plasty-sk\/mikroplasty-v-kozmetike-viete-o-nich\/#primaryimage\"},\"image\":{\"@id\":\"https:\/\/green-gate.eu\/sk\/blog\/a-co-plasty-sk\/mikroplasty-v-kozmetike-viete-o-nich\/#primaryimage\"},\"thumbnailUrl\":\"https:\/\/green-gate.eu\/wp-content\/uploads\/2023\/04\/microplastics-in-general-title-1.jpg\",\"datePublished\":\"2023-04-13T09:11:07+00:00\",\"dateModified\":\"2023-10-06T15:36:41+00:00\",\"description\":\"Plastov\u00e9 gu\u013e\u00f4\u010dky, zn\u00e1me aj ako mikroperli\u010dky alebo mikrogu\u013e\u00f4\u010dky, sa z\u00e1merne prid\u00e1vaj\u00fa do r\u00f4znych kozmetick\u00fdch v\u00fdrobkov.\",\"breadcrumb\":{\"@id\":\"https:\/\/green-gate.eu\/sk\/blog\/a-co-plasty-sk\/mikroplasty-v-kozmetike-viete-o-nich\/#breadcrumb\"},\"inLanguage\":\"sk-SK\",\"potentialAction\":[{\"@type\":\"ReadAction\",\"target\":[\"https:\/\/green-gate.eu\/sk\/blog\/a-co-plasty-sk\/mikroplasty-v-kozmetike-viete-o-nich\/\"]}]},{\"@type\":\"ImageObject\",\"inLanguage\":\"sk-SK\",\"@id\":\"https:\/\/green-gate.eu\/sk\/blog\/a-co-plasty-sk\/mikroplasty-v-kozmetike-viete-o-nich\/#primaryimage\",\"url\":\"https:\/\/green-gate.eu\/wp-content\/uploads\/2023\/04\/microplastics-in-general-title-1.jpg\",\"contentUrl\":\"https:\/\/green-gate.eu\/wp-content\/uploads\/2023\/04\/microplastics-in-general-title-1.jpg\",\"width\":1000,\"height\":562},{\"@type\":\"BreadcrumbList\",\"@id\":\"https:\/\/green-gate.eu\/sk\/blog\/a-co-plasty-sk\/mikroplasty-v-kozmetike-viete-o-nich\/#breadcrumb\",\"itemListElement\":[{\"@type\":\"ListItem\",\"position\":1,\"name\":\"Home\",\"item\":\"https:\/\/green-gate.eu\/sk\/\"},{\"@type\":\"ListItem\",\"position\":2,\"name\":\"Mikroplasty v kozmetike \u2013 viete o nich?\"}]},{\"@type\":\"WebSite\",\"@id\":\"https:\/\/green-gate.eu\/sk\/#website\",\"url\":\"https:\/\/green-gate.eu\/sk\/\",\"name\":\"GreenGate\",\"description\":\"Learn how to create healthier beauty routines and debunk common myths.\",\"publisher\":{\"@id\":\"https:\/\/green-gate.eu\/sk\/#organization\"},\"potentialAction\":[{\"@type\":\"SearchAction\",\"target\":{\"@type\":\"EntryPoint\",\"urlTemplate\":\"https:\/\/green-gate.eu\/sk\/?s={search_term_string}\"},\"query-input\":\"required name=search_term_string\"}],\"inLanguage\":\"sk-SK\"},{\"@type\":\"Organization\",\"@id\":\"https:\/\/green-gate.eu\/sk\/#organization\",\"name\":\"GreenGate\",\"url\":\"https:\/\/green-gate.eu\/sk\/\",\"logo\":{\"@type\":\"ImageObject\",\"inLanguage\":\"sk-SK\",\"@id\":\"https:\/\/green-gate.eu\/sk\/#\/schema\/logo\/image\/\",\"url\":\"https:\/\/green-gate.eu\/wp-content\/uploads\/2023\/04\/brand.png\",\"contentUrl\":\"https:\/\/green-gate.eu\/wp-content\/uploads\/2023\/04\/brand.png\",\"width\":263,\"height\":108,\"caption\":\"GreenGate\"},\"image\":{\"@id\":\"https:\/\/green-gate.eu\/sk\/#\/schema\/logo\/image\/\"}},{\"@type\":\"Person\",\"@id\":\"https:\/\/green-gate.eu\/sk\/#\/schema\/person\/cc65f62f404f1cfdf713e76d8b70cbea\",\"name\":\"admin\",\"image\":{\"@type\":\"ImageObject\",\"inLanguage\":\"sk-SK\",\"@id\":\"https:\/\/green-gate.eu\/sk\/#\/schema\/person\/image\/077c05906ce7b8a014776f7cd6ade944\",\"url\":\"https:\/\/green-gate.eu\/wp-content\/uploads\/2023\/05\/default-avatar.png\",\"contentUrl\":\"https:\/\/green-gate.eu\/wp-content\/uploads\/2023\/05\/default-avatar.png\",\"caption\":\"admin\"},\"description\":\"Share a little biographical information to fill out your profile. This may be shown publicly.\",\"sameAs\":[\"https:\/\/green-gate.eu\"],\"url\":\"https:\/\/green-gate.eu\/sk\/blog\/author\/admin\/\"}]}<\/script>\n<!-- \/ Yoast SEO plugin. -->","yoast_head_json":{"title":"Mikroplasty v kozmetike \u2013 viete o nich? - GreenGate","description":"Plastov\u00e9 gu\u013e\u00f4\u010dky, zn\u00e1me aj ako mikroperli\u010dky alebo mikrogu\u013e\u00f4\u010dky, sa z\u00e1merne prid\u00e1vaj\u00fa do r\u00f4znych kozmetick\u00fdch v\u00fdrobkov.","robots":{"index":"index","follow":"follow","max-snippet":"max-snippet:-1","max-image-preview":"max-image-preview:large","max-video-preview":"max-video-preview:-1"},"canonical":"https:\/\/green-gate.eu\/sk\/blog\/a-co-plasty-sk\/mikroplasty-v-kozmetike-viete-o-nich\/","og_locale":"sk_SK","og_type":"article","og_title":"Mikroplasty v kozmetike \u2013 viete o nich? - GreenGate","og_description":"Plastov\u00e9 gu\u013e\u00f4\u010dky, zn\u00e1me aj ako mikroperli\u010dky alebo mikrogu\u013e\u00f4\u010dky, sa z\u00e1merne prid\u00e1vaj\u00fa do r\u00f4znych kozmetick\u00fdch v\u00fdrobkov.","og_url":"https:\/\/green-gate.eu\/sk\/blog\/a-co-plasty-sk\/mikroplasty-v-kozmetike-viete-o-nich\/","og_site_name":"GreenGate","article_published_time":"2023-04-13T09:11:07+00:00","article_modified_time":"2023-10-06T15:36:41+00:00","og_image":[{"width":1000,"height":562,"url":"https:\/\/green-gate.eu\/wp-content\/uploads\/2023\/04\/microplastics-in-general-title-1.jpg","type":"image\/jpeg"}],"author":"Anja Bubik, PhD","twitter_card":"summary_large_image","twitter_misc":{"Autor":"GreenGate","Predpokladan\u00fd \u010das \u010d\u00edtania":"7 min\u00fat"},"schema":{"@context":"https:\/\/schema.org","@graph":[{"@type":"Article","@id":"https:\/\/green-gate.eu\/sk\/blog\/a-co-plasty-sk\/mikroplasty-v-kozmetike-viete-o-nich\/#article","isPartOf":{"@id":"https:\/\/green-gate.eu\/sk\/blog\/a-co-plasty-sk\/mikroplasty-v-kozmetike-viete-o-nich\/"},"author":{"name":"admin","@id":"https:\/\/green-gate.eu\/sk\/#\/schema\/person\/cc65f62f404f1cfdf713e76d8b70cbea"},"headline":"Mikroplasty v&nbsp;kozmetike \u2013 viete o&nbsp;nich?","datePublished":"2023-04-13T09:11:07+00:00","dateModified":"2023-10-06T15:36:41+00:00","mainEntityOfPage":{"@id":"https:\/\/green-gate.eu\/sk\/blog\/a-co-plasty-sk\/mikroplasty-v-kozmetike-viete-o-nich\/"},"wordCount":2140,"commentCount":0,"publisher":{"@id":"https:\/\/green-gate.eu\/sk\/#organization"},"image":{"@id":"https:\/\/green-gate.eu\/sk\/blog\/a-co-plasty-sk\/mikroplasty-v-kozmetike-viete-o-nich\/#primaryimage"},"thumbnailUrl":"https:\/\/green-gate.eu\/wp-content\/uploads\/2023\/04\/microplastics-in-general-title-1.jpg","articleSection":["A \u010cO PLASTY"],"inLanguage":"sk-SK","potentialAction":[{"@type":"CommentAction","name":"Comment","target":["https:\/\/green-gate.eu\/sk\/blog\/a-co-plasty-sk\/mikroplasty-v-kozmetike-viete-o-nich\/#respond"]}]},{"@type":"WebPage","@id":"https:\/\/green-gate.eu\/sk\/blog\/a-co-plasty-sk\/mikroplasty-v-kozmetike-viete-o-nich\/","url":"https:\/\/green-gate.eu\/sk\/blog\/a-co-plasty-sk\/mikroplasty-v-kozmetike-viete-o-nich\/","name":"Mikroplasty v kozmetike \u2013 viete o nich? - GreenGate","isPartOf":{"@id":"https:\/\/green-gate.eu\/sk\/#website"},"primaryImageOfPage":{"@id":"https:\/\/green-gate.eu\/sk\/blog\/a-co-plasty-sk\/mikroplasty-v-kozmetike-viete-o-nich\/#primaryimage"},"image":{"@id":"https:\/\/green-gate.eu\/sk\/blog\/a-co-plasty-sk\/mikroplasty-v-kozmetike-viete-o-nich\/#primaryimage"},"thumbnailUrl":"https:\/\/green-gate.eu\/wp-content\/uploads\/2023\/04\/microplastics-in-general-title-1.jpg","datePublished":"2023-04-13T09:11:07+00:00","dateModified":"2023-10-06T15:36:41+00:00","description":"Plastov\u00e9 gu\u013e\u00f4\u010dky, zn\u00e1me aj ako mikroperli\u010dky alebo mikrogu\u013e\u00f4\u010dky, sa z\u00e1merne prid\u00e1vaj\u00fa do r\u00f4znych kozmetick\u00fdch v\u00fdrobkov.","breadcrumb":{"@id":"https:\/\/green-gate.eu\/sk\/blog\/a-co-plasty-sk\/mikroplasty-v-kozmetike-viete-o-nich\/#breadcrumb"},"inLanguage":"sk-SK","potentialAction":[{"@type":"ReadAction","target":["https:\/\/green-gate.eu\/sk\/blog\/a-co-plasty-sk\/mikroplasty-v-kozmetike-viete-o-nich\/"]}]},{"@type":"ImageObject","inLanguage":"sk-SK","@id":"https:\/\/green-gate.eu\/sk\/blog\/a-co-plasty-sk\/mikroplasty-v-kozmetike-viete-o-nich\/#primaryimage","url":"https:\/\/green-gate.eu\/wp-content\/uploads\/2023\/04\/microplastics-in-general-title-1.jpg","contentUrl":"https:\/\/green-gate.eu\/wp-content\/uploads\/2023\/04\/microplastics-in-general-title-1.jpg","width":1000,"height":562},{"@type":"BreadcrumbList","@id":"https:\/\/green-gate.eu\/sk\/blog\/a-co-plasty-sk\/mikroplasty-v-kozmetike-viete-o-nich\/#breadcrumb","itemListElement":[{"@type":"ListItem","position":1,"name":"Home","item":"https:\/\/green-gate.eu\/sk\/"},{"@type":"ListItem","position":2,"name":"Mikroplasty v kozmetike \u2013 viete o nich?"}]},{"@type":"WebSite","@id":"https:\/\/green-gate.eu\/sk\/#website","url":"https:\/\/green-gate.eu\/sk\/","name":"GreenGate","description":"Learn how to create healthier beauty routines and debunk common myths.","publisher":{"@id":"https:\/\/green-gate.eu\/sk\/#organization"},"potentialAction":[{"@type":"SearchAction","target":{"@type":"EntryPoint","urlTemplate":"https:\/\/green-gate.eu\/sk\/?s={search_term_string}"},"query-input":"required name=search_term_string"}],"inLanguage":"sk-SK"},{"@type":"Organization","@id":"https:\/\/green-gate.eu\/sk\/#organization","name":"GreenGate","url":"https:\/\/green-gate.eu\/sk\/","logo":{"@type":"ImageObject","inLanguage":"sk-SK","@id":"https:\/\/green-gate.eu\/sk\/#\/schema\/logo\/image\/","url":"https:\/\/green-gate.eu\/wp-content\/uploads\/2023\/04\/brand.png","contentUrl":"https:\/\/green-gate.eu\/wp-content\/uploads\/2023\/04\/brand.png","width":263,"height":108,"caption":"GreenGate"},"image":{"@id":"https:\/\/green-gate.eu\/sk\/#\/schema\/logo\/image\/"}},{"@type":"Person","@id":"https:\/\/green-gate.eu\/sk\/#\/schema\/person\/cc65f62f404f1cfdf713e76d8b70cbea","name":"admin","image":{"@type":"ImageObject","inLanguage":"sk-SK","@id":"https:\/\/green-gate.eu\/sk\/#\/schema\/person\/image\/077c05906ce7b8a014776f7cd6ade944","url":"https:\/\/green-gate.eu\/wp-content\/uploads\/2023\/05\/default-avatar.png","contentUrl":"https:\/\/green-gate.eu\/wp-content\/uploads\/2023\/05\/default-avatar.png","caption":"admin"},"description":"Share a little biographical information to fill out your profile. This may be shown publicly.","sameAs":["https:\/\/green-gate.eu"],"url":"https:\/\/green-gate.eu\/sk\/blog\/author\/admin\/"}]}},"jetpack_sharing_enabled":true,"jetpack_featured_media_url":"https:\/\/green-gate.eu\/wp-content\/uploads\/2023\/04\/microplastics-in-general-title-1.jpg","authors":[{"term_id":173,"user_id":0,"is_guest":1,"slug":"anja-bubik-phd","display_name":"Anja Bubik, PhD","avatar_url":{"url":"https:\/\/green-gate.eu\/wp-content\/uploads\/2023\/06\/Anja.png","url2x":"https:\/\/green-gate.eu\/wp-content\/uploads\/2023\/06\/Anja.png"},"user_url":"","last_name":"","first_name":"","job_title":"","description":"Z\u00edskala doktor\u00e1t z bioch\u00e9mie a molekul\u00e1rnej biol\u00f3gie na Lek\u00e1rskej fakulte Univerzity v \u013dub\u013eane. Pracuje ako odborn\u00e1 asistentka a vedeck\u00e1 pracovn\u00ed\u010dka na Fakulte ochrany \u017eivotn\u00e9ho prostredia, kde sa zaober\u00e1 environment\u00e1lnymi ot\u00e1zkami s\u00favisiacimi s \u013eudsk\u00fdm zdrav\u00edm. Ako ved\u00faca laborat\u00f3ria sa star\u00e1 o zav\u00e1dzanie nov\u00fdch v\u00fdskumn\u00fdch a vyu\u010dovac\u00edch met\u00f3d a podie\u013ea sa na mnoh\u00fdch aplikovan\u00fdch a osvetov\u00fdch projektoch."}],"_links":{"self":[{"href":"https:\/\/green-gate.eu\/sk\/wp-json\/wp\/v2\/posts\/13703"}],"collection":[{"href":"https:\/\/green-gate.eu\/sk\/wp-json\/wp\/v2\/posts"}],"about":[{"href":"https:\/\/green-gate.eu\/sk\/wp-json\/wp\/v2\/types\/post"}],"author":[{"embeddable":true,"href":"https:\/\/green-gate.eu\/sk\/wp-json\/wp\/v2\/users\/1"}],"replies":[{"embeddable":true,"href":"https:\/\/green-gate.eu\/sk\/wp-json\/wp\/v2\/comments?post=13703"}],"version-history":[{"count":3,"href":"https:\/\/green-gate.eu\/sk\/wp-json\/wp\/v2\/posts\/13703\/revisions"}],"predecessor-version":[{"id":13706,"href":"https:\/\/green-gate.eu\/sk\/wp-json\/wp\/v2\/posts\/13703\/revisions\/13706"}],"wp:featuredmedia":[{"embeddable":true,"href":"https:\/\/green-gate.eu\/sk\/wp-json\/wp\/v2\/media\/4512"}],"wp:attachment":[{"href":"https:\/\/green-gate.eu\/sk\/wp-json\/wp\/v2\/media?parent=13703"}],"wp:term":[{"taxonomy":"category","embeddable":true,"href":"https:\/\/green-gate.eu\/sk\/wp-json\/wp\/v2\/categories?post=13703"},{"taxonomy":"post_tag","embeddable":true,"href":"https:\/\/green-gate.eu\/sk\/wp-json\/wp\/v2\/tags?post=13703"},{"taxonomy":"author","embeddable":true,"href":"https:\/\/green-gate.eu\/sk\/wp-json\/wp\/v2\/ppma_author?post=13703"}],"curies":[{"name":"wp","href":"https:\/\/api.w.org\/{rel}","templated":true}]}}