{"id":12285,"date":"2023-04-06T16:19:43","date_gmt":"2023-04-06T14:19:43","guid":{"rendered":"https:\/\/green-gate.eu\/blog\/uncategorized-cs\/an-interview-with-jana-bolekova\/"},"modified":"2024-01-02T16:52:28","modified_gmt":"2024-01-02T15:52:28","slug":"rozhovor-s-lekarnici-a-laktacni-poradkyni-janou-bolekovou","status":"publish","type":"post","link":"https:\/\/green-gate.eu\/cs\/blog\/rozhovory-s-experty\/rozhovor-s-lekarnici-a-laktacni-poradkyni-janou-bolekovou\/","title":{"rendered":"Rozhovor s&nbsp;l\u00e9k\u00e1rnic\u00ed a&nbsp;lakta\u010dn\u00ed poradkyn\u00ed Janou Bolekovou"},"content":{"rendered":"<p>[et_pb_section fb_built=&#8220;1&#8243; _builder_version=&#8220;4.20.2&#8243; _module_preset=&#8220;default&#8220; global_colors_info=&#8220;{}&#8220;][et_pb_row _builder_version=&#8220;4.21.0&#8243; _module_preset=&#8220;default&#8220; global_colors_info=&#8220;{}&#8220;][et_pb_column type=&#8220;4_4&#8243; _builder_version=&#8220;4.20.2&#8243; _module_preset=&#8220;default&#8220; global_colors_info=&#8220;{}&#8220;][et_pb_text _builder_version=&#8220;4.23&#8243; _module_preset=&#8220;default&#8220; hover_enabled=&#8220;0&#8243; global_colors_info=&#8220;{}&#8220; sticky_enabled=&#8220;0&#8243;]<\/p>\n<p>Ka\u017ed\u00fd by asi cht\u011bl z\u00e1zra\u010dnou pilulku na v\u0161echny neduhy. Ta bohu\u017eel neexistuje. Je pot\u0159eba se na v\u011bci d\u00edvat komplexn\u011b, v&nbsp;p\u0159\u00edpad\u011b pot\u0159eby vyhledat odborn\u00edka. Mus\u00edme si uv\u011bdomit, \u017ee to, jak se chov\u00e1me, jak uva\u017eujeme a&nbsp;jac\u00ed jsme (nervy, stres, nespavost) utv\u00e1\u0159\u00ed i&nbsp;n\u00e1\u0161 fyzick\u00fd stav. Bez l\u00e9ka\u0159\u016f \u010di l\u00e9k\u00e1rn\u00edk\u016f bychom se samoz\u0159ejm\u011b neobe\u0161li. Je v\u0161ak dobr\u00e9 se v\u017edy zamyslet nad t\u00edm, kde n\u00e1\u0161 probl\u00e9m vznikl a&nbsp;jak\u00e9 m\u00e1me mo\u017enosti jeho \u0159e\u0161en\u00ed.<\/p>\n<p>[\/et_pb_text][et_pb_video _builder_version=&#8220;4.23&#8243; _module_preset=&#8220;7b00f49c-0330-4b47-baa3-723e1523068f&#8220; src=&#8220;https:\/\/youtu.be\/Bzdc0xEsH5E&#8220; hover_enabled=&#8220;0&#8243; sticky_enabled=&#8220;0&#8243;][\/et_pb_video][et_pb_text _builder_version=&#8220;4.21.0&#8243; _module_preset=&#8220;default&#8220; global_colors_info=&#8220;{}&#8220;]<\/p>\n<p>Jana Bolekov\u00e1 je farmaceutka se zam\u011b\u0159en\u00edm na prevenci a&nbsp;p\u0159\u00edrodn\u00ed medic\u00ednu, celorodinn\u00e1 mas\u00e9rka (t\u011bhulky, miminka, d\u011bti, dosp\u011bl\u00e1ci, senio\u0159i). Lakta\u010dn\u00ed poradkyn\u011b s&nbsp;podporou vztahov\u00e9 v\u00fdchovy. V&nbsp;soukrom\u00ed propag\u00e1torka neortodoxn\u00edho ekologick\u00e9ho \u017eivotn\u00edho stylu, eko a&nbsp;bio dom\u00e1cnosti.<\/p>\n<p>[\/et_pb_text][et_pb_text _builder_version=&#8220;4.21.0&#8243; _module_preset=&#8220;dd44a80f-e178-438e-ae1f-7d2385f28960&#8243; global_colors_info=&#8220;{}&#8220;]<\/p>\n<p>Jsi vzd\u011blan\u00e1 a&nbsp;p\u016fsob\u00ed\u0161 v&nbsp;r\u016fzn\u00fdch oblastech, kter\u00e9 jsou navz\u00e1jem propojeny. Kde a&nbsp;jak uplat\u0148uje\u0161 sv\u00e9 komplexn\u00ed znalosti z&nbsp;farmacie?<\/p>\n<p>[\/et_pb_text][et_pb_text _builder_version=&#8220;4.21.0&#8243; _module_preset=&#8220;c1471b09-4a99-4ba4-a621-4bad6a5e9619&#8243; global_colors_info=&#8220;{}&#8220;]<\/p>\n<p><strong>Jana:<\/strong> Farmacie v&nbsp;\u0161ir\u0161\u00edm kontextu je z\u00e1rove\u0148 m\u00e9 celo\u017eivotn\u00ed hobby. Jsem v&nbsp;prvn\u00ed \u0159ad\u011b zast\u00e1ncem prevence. Za\u010d\u00edn\u00e1 to u\u017e po porodu podporou kojen\u00ed, kontaktn\u00edho rodi\u010dovstv\u00ed, vztahov\u00e9 vazby. Vedla jsem Poradnu p\u0159irozen\u00e9 p\u00e9\u010de o&nbsp;d\u011b\u0165\u00e1tko, kter\u00e1 byla krom\u011b zm\u00edn\u011bn\u00fdch t\u00e9mat zam\u011b\u0159ena i&nbsp;na p\u00e9\u010di o&nbsp;poko\u017eku, chov\u00e1n\u00ed d\u011bt\u00ed, Montessori v\u00fdchovu, vztahy s&nbsp;prarodi\u010di, jak to je s&nbsp;odm\u011bnami a&nbsp;tresty, jako je to s&nbsp;plenkami a&nbsp;no\u010dn\u00edkem atp.<\/p>\n<p>Dal\u0161\u00ed oblast\u00ed je ekologick\u00e1 dom\u00e1cnost v&nbsp;\u0161irok\u00e9m kontextu vlivu na na\u0161e zdrav\u00ed p\u0159\u00edmo \u010di nep\u0159\u00edmo na fyzick\u00e9 i&nbsp;du\u0161evn\u00ed. To zahrnuje jednotliv\u00e9 prvky za\u0159\u00edzen\u00ed i&nbsp;dopl\u0148k\u016f dom\u00e1cnosti, ekologick\u00fd \u00faklid, pran\u00ed, hygienu, p\u0159\u00edrodn\u00ed kosmetiku a&nbsp;nesm\u00edme zapomenout ani na kuchyni, kter\u00e1 je srdcem cel\u00e9 dom\u00e1cnosti a&nbsp;kde je ten nejv\u00fdrazn\u011bj\u0161\u00ed vliv na zdrav\u00ed v\u0161ech \u010dlen\u016f.<\/p>\n<p>P\u0159es ekologick\u00e9 myt\u00ed n\u00e1dob\u00ed, slo\u017een\u00ed a&nbsp;\u00fapravu stravy je jen kr\u016f\u010dek k&nbsp;zahr\u00e1dka\u0159en\u00ed. Zda v&nbsp;byt\u011b na parapetn\u00ed desce, balkon\u011b nebo p\u0159\u00edmo na zahrad\u011b. Nezapom\u00edn\u00e1m ani na dom\u00e1c\u00ed mazl\u00ed\u010dky &#8211; hygienu, stravu, podp\u016frn\u00e9 prost\u0159edky, p\u0159\u00edrodn\u00ed medic\u00ednu.<\/p>\n<p>[\/et_pb_text][et_pb_text _builder_version=&#8220;4.21.0&#8243; _module_preset=&#8220;dd44a80f-e178-438e-ae1f-7d2385f28960&#8243; global_colors_info=&#8220;{}&#8220;]<\/p>\n<p>Atopick\u00fd ekz\u00e9m, to je velk\u00e9 t\u00e9ma mnoha rodi\u010d\u016f. Na internetu se \u010dlov\u011bk dozv\u00ed opravdu r\u016fzn\u00e9 i&nbsp;zcestn\u00e9 informace. Ty jsi na toto t\u00e9ma p\u0159edn\u00e1\u0161ela. Jak to vlastn\u011b je?<\/p>\n<p>[\/et_pb_text][et_pb_text _builder_version=&#8220;4.21.0&#8243; _module_preset=&#8220;c1471b09-4a99-4ba4-a621-4bad6a5e9619&#8243; global_colors_info=&#8220;{}&#8220;]<\/p>\n<p><strong>Jana:<\/strong> M\u00e1\u0161 pravdu, atopick\u00fd ekz\u00e9m je velk\u00e9 t\u00e9ma. Vyskytuje se jak v&nbsp;d\u011btsk\u00e9m, tak v&nbsp;dosp\u011bl\u00e9m v\u011bku. Op\u011bt se na jeho manifestaci d\u00e1 d\u00edvat z&nbsp;v\u00edce \u00fahl\u016f pohledu: psychick\u00e9ho, kontaktn\u00edho, stav tr\u00e1vic\u00edch org\u00e1n\u016f, stagnaci lymfy.<\/p>\n<p>Je dobr\u00e9 k&nbsp;n\u011bmu p\u0159istupovat celostn\u011b jako \u00fapravou stravy, relaxa\u010dn\u00edmi technikami, mas\u00e1\u017eemi, vhodnou hygienou, v\u00fdb\u011brem oble\u010den\u00ed a&nbsp;lo\u017en\u00edho pr\u00e1dla (bavlna, bez aplikac\u00ed), ekologick\u00fdm pran\u00edm, vyh\u00fdb\u00e1n\u00edm se teplotn\u00edm \u0161ok\u016fm, p\u0159im\u011b\u0159enou fyzickou aktivitou, nekou\u0159en\u00edm, vyh\u00fdb\u00e1n\u00edm se konzumaci alkoholu, odpo\u010dinkem a&nbsp;vydatn\u00fdm sp\u00e1nkem, p\u0159\u00edrodn\u00ed kosmetikou, redukov\u00e1n\u00edm stresu vyvol\u00e1vaj\u00edc\u00edch faktor\u016f (rozvod\/rozchod, zm\u011bna\/ztr\u00e1ta zam\u011bstn\u00e1n\u00ed\/\u0161koly\/kolektivu\/bydli\u0161t\u011b, t\u011b\u017ek\u00fd zdravotn\u00ed stav sebe nebo p\u0159\u00edbuzn\u00e9ho, \u200b\u200btraumatick\u00fd z\u00e1\u017eitek, \u0161ikanov\u00e1n\u00ed, finan\u010dn\u00ed nejistota).<\/p>\n<p>[\/et_pb_text][et_pb_text _builder_version=&#8220;4.21.0&#8243; _module_preset=&#8220;dd44a80f-e178-438e-ae1f-7d2385f28960&#8243; global_colors_info=&#8220;{}&#8220;]<\/p>\n<p>\u00a0Jak p\u0159istupovat k&nbsp;ekz\u00e9mu u&nbsp;novorozenc\u016f \u010di kojenc\u016f?<\/p>\n<p>[\/et_pb_text][et_pb_text _builder_version=&#8220;4.21.0&#8243; _module_preset=&#8220;c1471b09-4a99-4ba4-a621-4bad6a5e9619&#8243; global_colors_info=&#8220;{}&#8220;]<\/p>\n<p><strong>Jana:<\/strong> Na za\u010d\u00e1tek chci zm\u00ednit prevenci. Ta za\u010d\u00edn\u00e1 momentem porodu. Miminko p\u0159ich\u00e1z\u00ed na sv\u011bt s&nbsp;b\u00edl\u00fdm hust\u00fdm m\u00e1zkem \u2013 vernixem, kter\u00fd pokr\u00fdv\u00e1 cel\u00fd povrch t\u011bla. M\u00e1 ochrann\u00e9, termoregula\u010dn\u00ed, antibakteri\u00e1ln\u00ed i&nbsp;antioxida\u010dn\u00ed \u00fa\u010dinky a&nbsp;z\u00e1rove\u0148 poko\u017eku hydratuje. Na poko\u017ece se m\u00e1 nechat a\u017e do vst\u0159eb\u00e1n\u00ed, cca 5&nbsp;dn\u00ed. Poko\u017eka po narozen\u00ed je\u0161t\u011b nem\u00e1 pln\u011b vyvinutou schopnost proma\u0161t\u011bn\u00ed a&nbsp;pln\u011b funk\u010dn\u00ed nen\u00ed ani p\u0159irozen\u00e1 regulace vlhkosti.<\/p>\n<p>D\u011btsk\u00e1 poko\u017eka je 5x ten\u010d\u00ed a&nbsp;citliv\u011bj\u0161\u00ed, ne\u017e ta dosp\u011bl\u00e1. Na to by se nem\u011blo zapom\u00ednat. Spr\u00e1vn\u00e1 p\u00e9\u010de od prvn\u00edch dn\u016f um\u00ed zamezit, nebo alespo\u0148 zm\u00edrnit za\u010d\u00ednaj\u00edc\u00ed projevy ekz\u00e9mu i&nbsp;u&nbsp;d\u011bt\u00ed s&nbsp;rodinnou predispozic\u00ed. Koupat 1 &#8211; 2x t\u00fddn\u011b, sta\u010d\u00ed pouze \u010dist\u00e1 voda, vyh\u00fdbat se hork\u00e9 koupeli, up\u0159ednostnit sprchov\u00e1n\u00ed, minimalizovat pou\u017e\u00edv\u00e1n\u00ed m\u00fddla, kdy\u017e ano, tak p\u0159\u00edrodn\u00ed rostlinn\u00e1 m\u00fddla s&nbsp;obsahem hojiv\u00fdch v\u00fdta\u017ek\u016f z&nbsp;rostlin, p\u0159\u00edrodn\u00ed m\u011bs\u00ed\u010dkov\u00fd kojeneck\u00fd olej p\u0159idat do koupele ve vla\u017en\u00e9 vod\u011b (p\u0159i such\u00e9 po\u0161kozen\u00e9 poko\u017ece), nebo p\u0159ipravit ovesnou koupel (protisv\u011bdnou), k\u016f\u017ei su\u0161it jemn\u00fdm p\u0159ikl\u00e1d\u00e1n\u00edm osu\u0161ky bez t\u0159en\u00ed, po koupeli nat\u0159\u00edt z\u00e1hyby, p\u0159\u00edpadn\u011b such\u00e9 plochy vysoce kvalitn\u00edm rostlinn\u00fdm olejem.<\/p>\n<p>Doporu\u010duji organick\u00fd sezamov\u00fd olej s&nbsp;p\u0159\u00eddavkem biologicky p\u011bstovan\u00e9ho m\u011bs\u00ed\u010dku, kter\u00fd m\u00e1 na citlivou poko\u017eku zklid\u0148uj\u00edc\u00ed \u00fa\u010dinky. Jemn\u00e1 mas\u00e1\u017e cel\u00e9ho t\u011bl\u00ed\u010dka pom\u00e1h\u00e1 uklidnit a&nbsp;harmonizovat d\u011b\u0165\u00e1tko. Jemn\u00fd dotek milovanou osobou m\u00e1 blahod\u00e1rn\u00e9 \u00fa\u010dinky nejen p\u0159\u00edmo na poko\u017eku, ale tak\u00e9 na psychiku a&nbsp;cel\u00fd nervov\u00fd syst\u00e9m. Sou\u010dasn\u011b pom\u00e1h\u00e1 vytv\u00e1\u0159et zdravou vztahovou vazbu. Dal\u0161\u00edm bodem je podpora kojen\u00ed jako p\u0159irozen\u00e9 v\u00fd\u017eivy.<\/p>\n<p>K celkov\u00e9mu obrazu p\u00e9\u010de o&nbsp;miminko s&nbsp;ekz\u00e9mem pat\u0159\u00ed kombinace bezplenkov\u00e9 metody s&nbsp;l\u00e1tkov\u00fdmi plenkami, minimum kosmetiky, bavln\u011bn\u00e9 vzdu\u0161n\u00e9 oble\u010den\u00ed, ekologick\u00e9 prac\u00ed prost\u0159edky, udr\u017eov\u00e1n\u00ed rovnom\u011brn\u00e9 teploty, na noc, p\u0159\u00edpadn\u011b bavln\u011bn\u00e9 rukavi\u010dky. Tak\u00e9 doporu\u010duji vyh\u00fdbat se ply\u0161ov\u00fdm hra\u010dk\u00e1m a&nbsp;hra\u010dk\u00e1m s&nbsp;drsn\u00fdm povrchem a&nbsp;ostr\u00fdmi hranami. P\u0159i sv\u011bd\u011bn\u00ed popl\u00e1c\u00e1vat nebo stisknout k\u016f\u017ei, nebo jemn\u011b ji navlh\u010dit.<\/p>\n<p>D\u016fle\u017eit\u00e9 je tak\u00e9 reagovat co nejrychleji na samotn\u00e9 pot\u0159eby miminka. Intenzivn\u00ed fyzick\u00fd kontakt s&nbsp;rodi\u010di (no\u0161en\u00ed \u0161\u00e1tek\/nos\u00edtko, spole\u010dn\u00e9 span\u00ed). Tak\u00e9 brzk\u00e9 reagov\u00e1n\u00ed na pot\u0159eby miminka, co\u017e nejde moc dob\u0159e, kdy\u017e je d\u00edt\u011b sv\u00e1z\u00e1no zavinova\u010dce. (V\u00fdzkumy ukazuj\u00ed, \u017ee nen\u00ed dobr\u00e9 d\u00edt\u011b zavazovat do zavinova\u010dky na dlouhou dobu nebo dokonce na noc. Potla\u010duj\u00ed se t\u00edm jeho z\u00e1kladn\u00ed pot\u0159eby a&nbsp;bohu\u017eel i&nbsp;dnes se s&nbsp;t\u00edm setk\u00e1v\u00e1me v&nbsp;porodnic\u00edch, \u017ee tuto metodu st\u00e1le podsouvaj\u00ed novope\u010den\u00fdm mamink\u00e1m. pozn. autora.) <a href=\"https:\/\/www.mamila.sk\/sk\/pre-matky\/dojcenie-a\/zavinovacka\/\">[1]<\/a><\/p>\n<p>[\/et_pb_text][et_pb_text _builder_version=&#8220;4.21.0&#8243; _module_preset=&#8220;dd44a80f-e178-438e-ae1f-7d2385f28960&#8243; global_colors_info=&#8220;{}&#8220;]<\/p>\n<p>Jak p\u0159istupovat k&nbsp;ekz\u00e9mu u&nbsp;dosp\u011bl\u00fdch?<\/p>\n<p>[\/et_pb_text][et_pb_text _builder_version=&#8220;4.21.0&#8243; _module_preset=&#8220;c1471b09-4a99-4ba4-a621-4bad6a5e9619&#8243; global_colors_info=&#8220;{}&#8220;]<\/p>\n<p><strong>Jana:<\/strong> Obecn\u011b plat\u00ed, \u017ee vysu\u0161en\u00e1 poko\u017eka m\u00e1 v\u011bt\u0161\u00ed sklon k&nbsp;r\u016fzn\u00fdm patologi\u00edm. Tak\u017ee v&nbsp;prvn\u00ed \u0159ad\u011b neporu\u0161ovat jej\u00ed p\u0159irozenou lipidovou vrstvu \u010dast\u00fdm celot\u011blov\u00fdm myt\u00edm nadbyte\u010dn\u00fdm mno\u017estv\u00edm hygienick\u00fdch p\u0159\u00edpravk\u016f, nekoupat se v&nbsp;hork\u00e9 vod\u011b, nepou\u017e\u00edvat um\u011bl\u00e9 materi\u00e1ly na spodn\u00ed pr\u00e1dlo a&nbsp;povle\u010den\u00ed, dostate\u010dn\u00fd pitn\u00fd re\u017eim, vynechat alkohol, kou\u0159en\u00ed a&nbsp;drogy, dop\u0159\u00e1t si dostate\u010dn\u00fd odpo\u010dinek, pohybovou aktivitu, vyh\u00fdbat se prudk\u00fdm v\u00fdkyv\u016fm teplot, mechanicky nedr\u00e1\u017edit poko\u017eku a&nbsp;ani ji nadm\u011brn\u011b neopalovat, pou\u017e\u00edvat kosmetiku na p\u0159\u00edrodn\u00ed b\u00e1zi bez konzervant\u016f a&nbsp;um\u011bl\u00e9 parfemace, pr\u00e1t v&nbsp;ekologick\u00fdch prost\u0159edc\u00edch a&nbsp;2x m\u00e1chat.\u00a0<\/p>\n<p>D\u00e1le nepou\u017e\u00edvat aviv\u00e1\u017e, zjistit potravinov\u00e9 alergie i&nbsp;alergie z&nbsp;prost\u0159ed\u00ed, nezbytn\u00e9 mno\u017estv\u00ed p\u0159\u00edrodn\u00ed kosmetiky, ukl\u00edzet s&nbsp;minim\u00e1ln\u00edm mno\u017estv\u00edm ekologick\u00fdch p\u0159\u00edpravk\u016f, nepou\u017e\u00edvat osv\u011b\u017eova\u010de vzduchu a&nbsp;jin\u00e1 um\u011bl\u00e1 aromata, zam\u011b\u0159it se na protiz\u00e1n\u011btlivou stravu, podpo\u0159it \u010dinnost cel\u00e9ho tr\u00e1vic\u00edho a&nbsp;vylu\u010dovac\u00edho syst\u00e9mu, hlavn\u011b jater a&nbsp;ledvin, minimalizovat stresov\u00e9 faktory, zlep\u0161it du\u0161evn\u00ed zdrav\u00ed, nau\u010dit se relaxa\u010dn\u00ed, dechov\u00e9 nebo medita\u010dn\u00ed techniky, pravideln\u011b chodit na mas\u00e1\u017ee (reflexn\u00ed, lymfatick\u00e9, lok\u00e1ln\u00ed&#8230;), podle zdravotn\u00edho stavu za\u0159adit pravideln\u011b bu\u010f otu\u017eov\u00e1n\u00ed nebo saunov\u00e1n\u00ed.<\/p>\n<p>[\/et_pb_text][et_pb_text _builder_version=&#8220;4.21.0&#8243; _module_preset=&#8220;dd44a80f-e178-438e-ae1f-7d2385f28960&#8243; global_colors_info=&#8220;{}&#8220;]<\/p>\n<p>Setk\u00e1v\u00e1\u0161 se je\u0161t\u011b s&nbsp;jin\u00fdmi ko\u017en\u00edmi probl\u00e9my, kter\u00e9 lze vyl\u00e9\u010dit nebo zlep\u0161it jejich stav \u201ep\u0159\u00edrodn\u00ed\u201d cestou?<\/p>\n<p>[\/et_pb_text][et_pb_text _builder_version=&#8220;4.21.0&#8243; _module_preset=&#8220;c1471b09-4a99-4ba4-a621-4bad6a5e9619&#8243; global_colors_info=&#8220;{}&#8220;]<\/p>\n<p><strong>Jana:<\/strong> V&nbsp;ka\u017ed\u00e9m v\u011bku se vyskytuj\u00ed n\u011bjak\u00e9 specifick\u00e9 probl\u00e9my. V&nbsp;kojeneck\u00e9m, krom\u011b ji\u017e zmi\u0148ovan\u00e9ho ekz\u00e9mu, tak\u00e9 plenkov\u00e1 dermatitida. V&nbsp;adolescentn\u00edm v\u011bku doch\u00e1z\u00ed vlivem hormon\u00e1ln\u00ed nerovnov\u00e1hy k&nbsp;nadm\u011brn\u00e9 produkci tuk\u016f a&nbsp;podko\u017en\u00edho mazu, z\u00e1rove\u0148 je testosteronem stimulov\u00e1na tvorba keratinu, kter\u00fd blokuje p\u00f3ry. V\u00fdsledkem je z\u00e1n\u011btliv\u00e9 onemocn\u011bn\u00ed k\u016f\u017ee, mnohdy i&nbsp;s&nbsp;infikovan\u00fdmi lo\u017eisky (lok\u00e1ln\u00ed, celkov\u00e9 p\u0159\u00edstupy).<\/p>\n<p>V dosp\u011blosti se m\u00edra p\u00e9\u010de o&nbsp;poko\u017eku, spolu s&nbsp;\u017eivotn\u00edm stylem, za\u010d\u00edn\u00e1 projevovat po 35.&nbsp;roce (l\u00e9to, zima, klimatizovan\u00e9 prostory, mykotick\u00e1 onemocn\u011bn\u00ed poko\u017eky nohou a&nbsp;neht\u016f, popraskan\u00e1 a&nbsp;ztvrdl\u00e1 poko\u017eka na chodidlech, kandid\u00f3za, opruzeniny, k\u0159e\u010dov\u00e9 \u017e\u00edly). V&nbsp;seniorsk\u00e9m v\u011bku je v\u00fdrazn\u011bj\u0161\u00ed dehydratace, poko\u017eka je such\u00e1, citliv\u00e1 (i&nbsp;diabetick\u00e1), m\u016f\u017ee sv\u011bdit.<\/p>\n<p>[\/et_pb_text][et_pb_text _builder_version=&#8220;4.21.0&#8243; _module_preset=&#8220;dd44a80f-e178-438e-ae1f-7d2385f28960&#8243; global_colors_info=&#8220;{}&#8220;]<\/p>\n<p>Ze z\u00e1kona nelze \u0159\u00edci, \u017ee n\u011bjak\u00e9 p\u0159\u00edrodn\u00ed slo\u017eky (byliny, oleje, etc.) l\u00e9\u010d\u00ed, to je \u0161koda, ne? Nejsem odp\u016frce modern\u00ed medic\u00edny, ale mysl\u00edm, \u017ee by bylo fajn, kdyby se modern\u00ed medic\u00edna dopl\u0148ovala s&nbsp;tak\u0159\u00edkaj\u00edc \u201calternativn\u00ed\u201d medic\u00ednou. Mn\u011b p\u0159ijde sp\u00ed\u0161e alternativn\u00ed ta modern\u00ed medic\u00edna. Proto\u017ee \u00fa\u010dinn\u00e9 slo\u017eky r\u016fzn\u00fdch rostlin jsou zn\u00e1my po tis\u00edcilet\u00ed. Co si mysl\u00ed\u0161?<\/p>\n<p>[\/et_pb_text][et_pb_text _builder_version=&#8220;4.21.0&#8243; _module_preset=&#8220;c1471b09-4a99-4ba4-a621-4bad6a5e9619&#8243; global_colors_info=&#8220;{}&#8220;]<\/p>\n<p><strong>Jana:<\/strong> Tro\u0161ku bych to poupravila. L\u00e9\u010div\u00e9 \u00fa\u010dinky rostlin se vyu\u017e\u00edvaj\u00ed ji\u017e po tis\u00edcilet\u00ed, ale teprve modern\u00ed medic\u00edna poodhalila jejich \u00fa\u010dinn\u00e9 slo\u017eky. Dnes se i&nbsp;v&nbsp;klasick\u00e9 medic\u00edn\u011b vyu\u017e\u00edvaj\u00ed tyto poznatky a&nbsp;n\u011bkter\u00e1 l\u00e9\u010diva jsou \u010dist\u011b p\u0159\u00edrodn\u00edho p\u016fvodu, av\u0161ak se standardizovan\u00fdm obsahem \u00fa\u010dinn\u00e9 l\u00e1tky. Ur\u010dit\u011b je optim\u00e1ln\u00ed kombinace tradi\u010dn\u00ed p\u0159\u00edrodn\u00ed medic\u00edny a&nbsp;klasick\u00e9 z\u00e1padn\u00ed \u0161koln\u00ed medic\u00edny.<\/p>\n<p>[\/et_pb_text][et_pb_text _builder_version=&#8220;4.21.0&#8243; _module_preset=&#8220;dd44a80f-e178-438e-ae1f-7d2385f28960&#8243; global_colors_info=&#8220;{}&#8220;]<\/p>\n<p>Modern\u00ed medic\u00edna v&nbsp;podstat\u011b nahradila takov\u00e9 to lidov\u00e9 l\u00e9\u010ditelstv\u00ed. Ne\u0159\u00edk\u00e1m, \u017ee je to v\u017edy \u0161patn\u011b, ale pokud se nepletu, napodobuj\u00ed l\u00e9ky (jsou mnohem siln\u011bj\u0161\u00ed) \u00fa\u010dinky rostlin?<\/p>\n<p>[\/et_pb_text][et_pb_text _builder_version=&#8220;4.21.0&#8243; _module_preset=&#8220;c1471b09-4a99-4ba4-a621-4bad6a5e9619&#8243; global_colors_info=&#8220;{}&#8220;]<\/p>\n<p><strong>Jana:<\/strong> Rostliny, na rozd\u00edl od chemick\u00fdch l\u00e9\u010div, maj\u00ed \u0161irok\u00e9 spektrum r\u016fznorod\u00fdch obsahov\u00fdch l\u00e1tek a&nbsp;ne v\u017edy lze jednozna\u010dn\u011b definovat jejich \u00fa\u010dinek. Jejich slo\u017een\u00ed a&nbsp;hlavn\u011b obsah jsou podm\u00edn\u011bny n\u011bkolika faktory jako je lokalita, nadmo\u0159sk\u00e1 v\u00fd\u0161ka, pov\u011btrnostn\u00ed podm\u00ednky v&nbsp;dan\u00e9m roce, vl\u00e1ha, d\u00e9lka slune\u010dn\u00edho svitu, teplota, ro\u010dn\u00ed obdob\u00ed, ale tak\u00e9 \u010d\u00e1st dne a&nbsp;technika sklizn\u011b atp.<\/p>\n<p>Chemick\u00e1 l\u00e9\u010diva maj\u00ed p\u0159esn\u011b definov\u00e1na chemick\u00e9 substance, jejich\u017e \u00fa\u010dinek je d\u00e1n\/definov\u00e1n jejich fyzik\u00e1ln\u00edmi a&nbsp;chemick\u00fdmi vlastnostmi v&nbsp;kontextu fyziologick\u00fdch a&nbsp;patologick\u00fdch proces\u016f prob\u00edhaj\u00edc\u00edch v&nbsp;organismu.<\/p>\n<p>[\/et_pb_text][et_pb_text _builder_version=&#8220;4.21.0&#8243; _module_preset=&#8220;dd44a80f-e178-438e-ae1f-7d2385f28960&#8243; global_colors_info=&#8220;{}&#8220;]<\/p>\n<p>Kdy\u017e jsi je\u0161t\u011b pracovala v&nbsp;l\u00e9k\u00e1rn\u011b, s&nbsp;\u010d\u00edm lid\u00e9 chodili nej\u010dast\u011bji? Jak\u00fd byl jejich p\u0159\u00edstup? Jedna l\u00e9k\u00e1rnice mi sd\u011blila, \u017ee lidi necht\u011bj\u00ed m\u011bnit sv\u00e9 chov\u00e1n\u00ed, i&nbsp;kdy\u017e z&nbsp;n\u011bj maj\u00ed zdravotn\u00ed pot\u00ed\u017ee, \u017ee cht\u011bj\u00ed pilulku na v\u0161echno, aby mohli d\u00e1le pokra\u010dovat ve sv\u00fdch zajet\u00fdch n\u00e1vyc\u00edch. Nebo p\u0159ich\u00e1z\u00ed\u0161 do kontaktu s&nbsp;lidmi, kte\u0159\u00ed cht\u011bj\u00ed odstranit p\u0159\u00ed\u010dinu probl\u00e9m\u016f a&nbsp;ne jen probl\u00e9m potla\u010dit? (Kortikoidy na ekz\u00e9m, inzul\u00edn na cukrovku, makeup na akn\u00e9 atd.)<\/p>\n<p>[\/et_pb_text][et_pb_text _builder_version=&#8220;4.21.0&#8243; _module_preset=&#8220;c1471b09-4a99-4ba4-a621-4bad6a5e9619&#8243; global_colors_info=&#8220;{}&#8220;]<\/p>\n<p><strong>Jana:<\/strong> M\u016fj d\u011btsk\u00fd sen bylo pom\u00e1hat lidem se zdrav\u00edm. I&nbsp;proto jsme spolu s&nbsp;m\u00e1mou provozovaly postupn\u011b 4 vlastn\u00ed l\u00e9k\u00e1rny. Dv\u011b venkovsk\u00e9 a&nbsp;dv\u011b v&nbsp;Bratislav\u011b. Na\u0161imi rukami pro\u0161ly opravdu r\u016fznorod\u00e9 skupiny pacient\u016f. Bohu\u017eel opravdu v\u011bt\u0161ina z&nbsp;nich se necht\u011bla skute\u010dn\u011b zbavit sv\u00fdch zdravotn\u00edch probl\u00e9m\u016f, a\u010dkoli to slovn\u011b p\u0159\u00edzvukovali. Jejich c\u00edlem bylo rychl\u00e9 potla\u010den\u00ed probl\u00e9m\u016f, nejl\u00e9pe bez jejich osobn\u00edho p\u0159i\u010din\u011bn\u00ed.<\/p>\n<p>Soukrom\u011b tomu \u0159\u00edk\u00e1m \u201esyndrom r\u016f\u017eov\u00e9 pilulky\u201c. Sv\u00e9 d\u011btsk\u00e9 sny naplno napl\u0148uji a\u017e mimo l\u00e9k\u00e1rnu jako zdravotn\u00ed konzultantka. Tehdy je v\u011bt\u0161\u00ed \u0161ance, \u017ee m\u011b oslov\u00ed lid\u00e9, kter\u00fdm skute\u010dn\u011b z\u00e1le\u017e\u00ed na zlep\u0161en\u00ed zdravotn\u00edho stavu a&nbsp;jsou si v\u011bdomi, a&nbsp;t\u00edm p\u00e1dem i&nbsp;ochotni, \u017ee proto budou muset n\u011bco ud\u011blat sami. Mohu je na jejich cest\u011b doprov\u00e1zet a&nbsp;usm\u011br\u0148ovat, ale p\u0159ej\u00edt ji mus\u00ed oni sami.<\/p>\n<p>[\/et_pb_text][et_pb_text _builder_version=&#8220;4.21.0&#8243; _module_preset=&#8220;dd44a80f-e178-438e-ae1f-7d2385f28960&#8243; global_colors_info=&#8220;{}&#8220;]<\/p>\n<p>Na\u0161e mysl neexistuje samostatn\u011b, ovliv\u0148uje na\u0161e fyzick\u00e9 byt\u00ed, na\u0161t\u011bst\u00ed i&nbsp;n\u011bkte\u0159\u00ed l\u00e9ka\u0159i s&nbsp;touto prastarou pravdou pracuj\u00ed. Jak pracuje\u0161, postupuje\u0161 ty a&nbsp;pro\u010d?<\/p>\n<p>[\/et_pb_text][et_pb_text _builder_version=&#8220;4.21.0&#8243; _module_preset=&#8220;c1471b09-4a99-4ba4-a621-4bad6a5e9619&#8243; global_colors_info=&#8220;{}&#8220;]<\/p>\n<p><strong>Jana:<\/strong> Jsem r\u00e1da, \u017ee u\u017e se psychosomatika prom\u00edtla i&nbsp;do klasick\u00e9 medic\u00edny. Zat\u00edm jen okrajov\u011b, ale u\u017e tam maj\u00ed sv\u00e9 ned\u00edln\u00e9 m\u00edsto. Zdrav\u00ed a&nbsp;psychika jdou ruku v&nbsp;ruce. Nejprve je n\u011bjak\u00fd psychick\u00fd dysbalance a&nbsp;kdy\u017e ten ignorujeme, tak p\u0159ijde prvn\u00ed fyzick\u00e9 upozorn\u011bn\u00ed ve form\u011b akutn\u00edho onemocn\u011bn\u00ed. Pokud v\u0161ak psychick\u00e1 z\u00e1t\u011b\u017e p\u0159etrv\u00e1v\u00e1, pak se i&nbsp;onemocn\u011bn\u00ed prohloub\u00ed, st\u00e1v\u00e1 se chronick\u00fdm.<\/p>\n<p>Ned\u00edlnou sou\u010d\u00e1st\u00ed \u00favodn\u00edho pohovoru jsou (krom\u011b zdravotn\u00edch probl\u00e9m\u016f spolu s&nbsp;rodinnou anamn\u00e9zou, stravovac\u00edch n\u00e1vyk\u016f a&nbsp;\u017eivotn\u00edho stylu) i&nbsp;ot\u00e1zky ohledn\u011b sou\u010dasn\u00fdch, ale i&nbsp;d\u00e1vn\u011bj\u0161\u00edch stresov\u00fdch faktor\u016f, pro\u017eit\u00fdch traumat, str\u00e1d\u00e1n\u00ed, rodinn\u00fdch i&nbsp;pracovn\u00edch pom\u011br\u016f. Ji\u017e z&nbsp;n\u011bkter\u00fdch zdravotn\u00edch probl\u00e9m\u016f lze \u201evy\u010d\u00edtat\u201c i&nbsp;doprovodn\u00fd psychick\u00fd stav. Plat\u00ed to samoz\u0159ejm\u011b i&nbsp;opa\u010dn\u011b. Proto jsou ot\u00e1zky \u201epod k\u016f\u017ei\u201c sou\u010d\u00e1st\u00ed m\u00e9 praxe.<\/p>\n<p>St\u00e1le \u0159\u00edk\u00e1m, \u017ee do jak\u00e9 m\u00edry se mi otev\u0159e pacient, do t\u00e9 m\u00edry mu dok\u00e1\u017eu pomoci. Je to jako puzzle. \u010c\u00edm v\u00edce d\u00edlk\u016f zn\u00e1me, t\u00edm komplexn\u011bj\u0161\u00ed obraz vid\u00edme.<\/p>\n<p>[\/et_pb_text][et_pb_text _builder_version=&#8220;4.21.0&#8243; _module_preset=&#8220;dd44a80f-e178-438e-ae1f-7d2385f28960&#8243; global_colors_info=&#8220;{}&#8220;]<\/p>\n<p>To, \u017ee konven\u010dn\u00ed (b\u011b\u017en\u00e9 dostupn\u00e1 kosmetika v&nbsp;obchodech a&nbsp;na e-shopu) obsahuje \u0161kodliv\u00e9 a&nbsp;n\u011bkdy i&nbsp;opravdu zdrav\u00ed nebezpe\u010dn\u00e9 l\u00e1tky, je ji\u017e zn\u00e1m\u00e1 v\u011bc. Vn\u00edm\u00e1\u0161 z&nbsp;pohledu sv\u00e9 praxe, \u017ee u&nbsp;tv\u00fdch pacient\u016f jen po ukon\u010den\u00ed pou\u017e\u00edv\u00e1n\u00ed n\u011bjak\u00e9 kosmetiky jejich zdravotn\u00ed probl\u00e9m odezn\u011bl?<\/p>\n<p>[\/et_pb_text][et_pb_text _builder_version=&#8220;4.21.0&#8243; _module_preset=&#8220;c1471b09-4a99-4ba4-a621-4bad6a5e9619&#8243; global_colors_info=&#8220;{}&#8220;]<\/p>\n<p><strong>Jana:<\/strong> Nen\u00ed to jen ple\u0165ov\u00e1, vlasov\u00e1 a&nbsp;t\u011blov\u00e1 kosmetika, parf\u00e9my a&nbsp;deodoranty, r\u016fzn\u00e9 osv\u011b\u017eova\u010de vzduchu, oble\u010den\u00ed (hlavn\u011b spodn\u00ed pr\u00e1dlo)&#8230;<\/p>\n<p>[\/et_pb_text][et_pb_text _builder_version=&#8220;4.21.0&#8243; _module_preset=&#8220;dd44a80f-e178-438e-ae1f-7d2385f28960&#8243; global_colors_info=&#8220;{}&#8220;]<\/p>\n<p>Vn\u00edm\u00e1\u0161 to i&nbsp;u&nbsp;prac\u00edch nebo \u010dist\u00edc\u00edch prost\u0159edk\u016f?<\/p>\n<p>[\/et_pb_text][et_pb_text _builder_version=&#8220;4.21.0&#8243; _module_preset=&#8220;c1471b09-4a99-4ba4-a621-4bad6a5e9619&#8243; global_colors_info=&#8220;{}&#8220;]<\/p>\n<p><strong>Jana:<\/strong> Bez debaty do toho pat\u0159\u00ed i&nbsp;prac\u00ed a&nbsp;hlavn\u011b aviv\u00e1\u017en\u00ed prost\u0159edky a&nbsp;\u0161irok\u00e1 \u0161k\u00e1la nejr\u016fzn\u011bj\u0161\u00edch \u010dist\u00edc\u00edch prost\u0159edk\u016f na podlahy, okna, koupelnu, toaletu, koberce, auta, ale i&nbsp;na myt\u00ed n\u00e1dob\u00ed.<\/p>\n<p>[\/et_pb_text][et_pb_text _builder_version=&#8220;4.21.0&#8243; _module_preset=&#8220;dd44a80f-e178-438e-ae1f-7d2385f28960&#8243; global_colors_info=&#8220;{}&#8220;]<\/p>\n<p>\u010casto rodi\u010de perou v&nbsp;agresivn\u00edch p\u0159\u00edpravc\u00edch, aby vyprali fleky a&nbsp;jinak \u0161pinav\u00e9 d\u011btsk\u00e9 oble\u010den\u00ed. Mn\u011b se osv\u011bd\u010dilo: nep\u0159epl\u0148ovat pra\u010dku, p\u0159idat sodu (Peru v&nbsp;eko pr\u00e1\u0161ku\/m\u00fddle. M\u00fddlov\u00e9 o\u0159echy funguj\u00ed jen na b\u011b\u017en\u00e9 pran\u00ed, ale na fleky ne.), pop\u0159. zv\u00fd\u0161\u00edm teplotu. N\u011bjak\u00e9 doporu\u010den\u00ed ze zku\u0161enosti?<\/p>\n<p>[\/et_pb_text][et_pb_text _builder_version=&#8220;4.21.0&#8243; _module_preset=&#8220;c1471b09-4a99-4ba4-a621-4bad6a5e9619&#8243; global_colors_info=&#8220;{}&#8220;]<\/p>\n<p><strong>Jana:<\/strong> Pran\u00ed jako takov\u00e9 je \u010dist\u00e1 alchymie a&nbsp;ekologick\u00e9 o&nbsp;to v\u00edce. U&nbsp;komer\u010dn\u00edch prac\u00edch prost\u0159edk\u016f za n\u00e1s \u0159e\u0161\u00ed probl\u00e9m sm\u011bs chemick\u00fdch l\u00e1tek. P\u0159i ekologick\u00e9m pran\u00ed nesta\u010d\u00ed vym\u011bnit komer\u010dn\u00ed p\u0159\u00edpravek za ten ekologick\u00fd. Nastane zklam\u00e1n\u00ed. Takhle to toti\u017e nefunguje.<\/p>\n<p>Prvn\u00ed krok je rozt\u0159\u00edd\u011bn\u00ed pr\u00e1dla na b\u011b\u017en\u011b a&nbsp;v\u00edce za\u0161pin\u011bn\u00e9. P\u0159i v\u00edce za\u0161pin\u011bn\u00e9m pom\u00e1h\u00e1 namo\u010den\u00ed, nebo lok\u00e1ln\u00ed o\u0161et\u0159en\u00ed a&nbsp;zapr\u00e1n\u00ed skvrn podle jejich povahy \u017elu\u010dov\u00fdm m\u00fddlem, olivov\u00fdm m\u00fddlem s&nbsp;citronem, p\u0159\u00edpravkem na b\u00e1zi kysl\u00edku.<\/p>\n<p>N\u00e1sleduje zm\u011bk\u010dova\u010d vody do pra\u010dky spolu s&nbsp;ekologick\u00fdm p\u0159\u00edpravkem. K&nbsp;n\u011bmu se pak p\u0159id\u00e1v\u00e1 podle pot\u0159eby soda na pran\u00ed, vlo\u010dky \u017elu\u010dov\u00e9ho m\u00fddla, p\u0159\u00edpravek na b\u00e1zi kysl\u00edku (b\u00edl\u00fd a&nbsp;m\u00edrn\u011b dezinfikuje).<\/p>\n<p>Na z\u00e1v\u011br se pou\u017e\u00edv\u00e1 m\u00e1chadlo na b\u00e1zi kyseliny citronov\u00e9, kter\u00e9 neutralizuje m\u00e1chac\u00ed roztok a&nbsp;odstran\u00ed zbytky prac\u00edho prost\u0159edku.<\/p>\n<p>[\/et_pb_text][et_pb_text _builder_version=&#8220;4.21.0&#8243; _module_preset=&#8220;dd44a80f-e178-438e-ae1f-7d2385f28960&#8243; global_colors_info=&#8220;{}&#8220;]<\/p>\n<p>\u010casto i&nbsp;\u201ep\u0159\u00edrodn\u00ed\u201c oleje dr\u00e1\u017ed\u00ed poko\u017eku a&nbsp;jsou na n\u011b nebo na n\u011bkter\u00e9 jejich slo\u017eky alergie (eugenol, linalool, etc.). Jde tedy pou\u017e\u00edvat i&nbsp;kosmetiku bez t\u011bchto, jinak prosp\u011b\u0161n\u00fdch, olej\u016f? T\u00edm chci \u0159\u00edct, co doporu\u010duje\u0161 takov\u00e9mu pacientovi.<\/p>\n<p>[\/et_pb_text][et_pb_text _builder_version=&#8220;4.21.0&#8243; _module_preset=&#8220;c1471b09-4a99-4ba4-a621-4bad6a5e9619&#8243; global_colors_info=&#8220;{}&#8220;]<\/p>\n<p><strong>Jana:<\/strong> Je pravda, \u017ee i&nbsp;na p\u0159\u00edrodn\u00ed slo\u017eky se m\u016f\u017ee vyskytnout alergie, hlavn\u011b u&nbsp;citliv\u00fdch a&nbsp;predisponovan\u00fdch jedinc\u016f. Tak jako u&nbsp;komer\u010dn\u00ed kosmetiky, i&nbsp;u&nbsp;t\u00e9 p\u0159\u00edrodn\u00ed, je t\u0159eba v&nbsp;prvn\u00ed \u0159ad\u011b p\u0159ihl\u00ed\u017eet k&nbsp;citlivosti jedince. Ide\u00e1ln\u00ed je vzorek nan\u00e9st na p\u0159edlokt\u00ed a&nbsp;pozorovat lok\u00e1ln\u00ed reakci. Na trhu jsou k&nbsp;dispozici tak\u00e9 p\u0159\u00edpravky p\u0159\u00edrodn\u00ed kosmetiky bez parfemace, s&nbsp;minimem slo\u017eek a&nbsp;ur\u010den\u00e9 vysloven\u011b na podr\u00e1\u017ed\u011bnou poko\u017eku. Tak\u00e9 je mo\u017enost zvolit p\u0159\u00edpravky pro kojence. Samoz\u0159ejm\u011b tak\u00e9 na b\u00e1zi kvalitn\u00edch p\u0159\u00edrodn\u00edch olej\u016f. Je dobr\u00e9 si osvojit, \u017ee \u010d\u00edm m\u00e9n\u011b, t\u00edm l\u00e9pe.<\/p>\n<p>Bohu\u017eel i&nbsp;dnes n\u011bkter\u00e9 porodnice \u010di lakta\u010dn\u00ed poradkyn\u011b doporu\u010duj\u00ed na poran\u011bn\u00ed bradavky takzvan\u00fd &#8222;klobou\u010dek&#8220; a&nbsp;r\u016fzn\u00e9 masti nap\u0159. Lanolin. Z&nbsp;vlastn\u00ed zku\u0161enost\u00ed v\u00edm, \u017ee to nen\u00ed dobr\u00e9. Mnohdy pak maminky p\u0159estanou kojit, co\u017e je obrovsk\u00e1 \u0161koda. (Jen 13&nbsp;% \u017een koj\u00ed po 3 m\u011bs\u00edc\u00edch.)<\/p>\n<p>[\/et_pb_text][et_pb_text _builder_version=&#8220;4.21.0&#8243; _module_preset=&#8220;dd44a80f-e178-438e-ae1f-7d2385f28960&#8243; global_colors_info=&#8220;{}&#8220;]<\/p>\n<p>M\u016f\u017ee\u0161 k&nbsp;tomuto t\u00e9matu n\u011bco \u0159\u00edct a&nbsp;doporu\u010dit? Pro\u010d je to \u0161patn\u011b, jak\u00e1 je lep\u0161\u00ed \u010di zdrav\u011bj\u0161\u00ed volba, jak probl\u00e9m \u0159e\u0161it a&nbsp;pro\u010d v\u016fbec vznik\u00e1?<\/p>\n<p>[\/et_pb_text][et_pb_text _builder_version=&#8220;4.21.0&#8243; _module_preset=&#8220;c1471b09-4a99-4ba4-a621-4bad6a5e9619&#8243; global_colors_info=&#8220;{}&#8220;]<\/p>\n<p><strong>Jana:<\/strong> Problematika bolav\u00fdch a&nbsp;poran\u011bn\u00fdch bradavek je zna\u010dn\u011b rozs\u00e1hlej\u0161\u00ed, ne\u017e si mnoz\u00ed mysl\u00ed. Kojen\u00ed by nem\u011blo bolet. A&nbsp;ani na za\u010d\u00e1tku, ne\u017e si bradavky \u201ezvyknou\u201c.<\/p>\n<p>Bolest je sign\u00e1lem, \u017ee n\u011bco nen\u00ed v&nbsp;po\u0159\u00e1dku a&nbsp;stav je t\u0159eba \u0159e\u0161it urgentn\u011b, aby nep\u0159erostl do v\u011bt\u0161\u00edho a&nbsp;dlouhodob\u011bj\u0161\u00edho probl\u00e9mu. Ur\u010dit\u011b je t\u0159eba upravit polohu a&nbsp;p\u0159is\u00e1t\u00ed miminka, p\u0159\u00edpadn\u011b zkontrolovat podjazykovou uzdi\u010dku.<\/p>\n<p>Bolestivost zp\u016fsob\u00ed ni\u017e\u0161\u00ed p\u0159\u00edjem mate\u0159sk\u00e9ho ml\u00e9ka a&nbsp;t\u00edm n\u00e1sledn\u011b i&nbsp;jeho ni\u017e\u0161\u00ed tvorba a&nbsp;samoz\u0159ejm\u011b nespokojen\u00e9 miminko, kter\u00e9 se p\u0159is\u00e1v\u00e1 na prso nerv\u00f3zn\u011b, odpojuje se, pije kr\u00e1tce, nen\u00ed nasycen\u00e9. Maminka podv\u011bdom\u011b prodlu\u017euje intervaly kojen\u00ed a&nbsp;tak\u00e9 zkracuje jednotliv\u00e1 kojen\u00ed kv\u016fli bolestivosti. Vytv\u00e1\u0159\u00ed se za\u010darovan\u00fd kruh.<\/p>\n<p>V\u00fdchodiskem je v\u00fd\u0161e zm\u00edn\u011bn\u00e1 \u00faprava polohy a&nbsp;p\u0159is\u00e1t\u00ed. Pom\u00e1h\u00e1n\u00ed ma\u010dk\u00e1n\u00edm prsu, vyst\u0159\u00edd\u00e1n\u00ed prsou, kdy\u017e d\u011b\u0165\u00e1tko je\u0161t\u011b saje, ale u\u017e nepije, neoddalov\u00e1n\u00ed kojen\u00ed, vysti\u017een\u00ed sign\u00e1l\u016f ke kojen\u00ed, po probuzen\u00ed up\u0159ednostn\u011bn\u00ed kojen\u00ed p\u0159ed p\u0159ebalov\u00e1n\u00edm, fyzick\u00fd kontakt s&nbsp;k\u016f\u017e\u00ed d\u00edky no\u0161en\u00ed. Je toho mnoho. Zorientovat se pom\u016f\u017ee lakta\u010dn\u00ed poradkyn\u011b.<\/p>\n<p>[\/et_pb_text][et_pb_text _builder_version=&#8220;4.21.0&#8243; _module_preset=&#8220;dd44a80f-e178-438e-ae1f-7d2385f28960&#8243; global_colors_info=&#8220;{}&#8220;]<\/p>\n<p>Do \u0161esti m\u011bs\u00edc\u016f v\u011bku je mate\u0159sk\u00e9 ml\u00e9ko pro d\u00edt\u011b jedin\u00e1 a&nbsp;nejvhodn\u011bj\u0161\u00ed strava. Pou\u017e\u00edv\u00e1n\u00ed jeho n\u00e1hra\u017eek se doporu\u010duje pouze v&nbsp;od\u016fvodn\u011bn\u00fdch p\u0159\u00edpadech na doporu\u010den\u00ed l\u00e9ka\u0159e. Podle nejnov\u011bj\u0161\u00edch studi\u00ed ob\u010dasn\u00e9 kojen\u00ed sni\u017euje riziko \u00famrt\u00ed d\u00edt\u011bte na infek\u010dn\u00ed onemocn\u011bn\u00ed a\u017e sedmkr\u00e1t. Pouze mate\u0159sk\u00e9 ml\u00e9ko dost\u00e1v\u00e1 ve sv\u011bt\u011b v&nbsp;prvn\u00edm p\u016flroce \u017eivota 43\u2009% novorozenc\u016f. M\u00e1 i&nbsp;kojen\u00ed vliv na n\u011bjak\u00e9 ko\u017en\u00ed probl\u00e9my a&nbsp;alergie\u00a0<a href=\"https:\/\/www.unicef.org\/turkiye\/en\/press-releases\/77-million-newborns-globally-not-breastfed-within-first-hour-life-unicef\">[2]<\/a>?<\/p>\n<p>[\/et_pb_text][et_pb_text _builder_version=&#8220;4.21.0&#8243; _module_preset=&#8220;c1471b09-4a99-4ba4-a621-4bad6a5e9619&#8243; global_colors_info=&#8220;{}&#8220;]<\/p>\n<p><strong>Jana:<\/strong> N\u011bkter\u00e9 d\u011bti se ji\u017e narod\u00ed s&nbsp;genetickou predispozic\u00ed pro ko\u017en\u00ed nebo alergick\u00e9 onemocn\u011bn\u00ed. Jejich propuknut\u00ed z\u00e1vis\u00ed na mnoha faktorech a&nbsp;jedn\u00edm z&nbsp;nich je i&nbsp;p\u0159irozen\u00e1 v\u00fd\u017eiva bez p\u0159\u00eddavk\u016f hned po narozen\u00ed \u2013 kojen\u00ed. Jeho d\u00e9lka se po\u010d\u00edt\u00e1 v&nbsp;letech a&nbsp;ne jen v&nbsp;m\u011bs\u00edc\u00edch. Nemus\u00ed v\u0161ak \u00fapln\u011b zabr\u00e1nit jeho propuknut\u00ed.<\/p>\n<p>Kojen\u00ed se m\u00e1 podporovat po celou dobu jeho d\u00e9lky a&nbsp;ne pouze v&nbsp;prvn\u00edch t\u00fddnech \u010di p\u00e1r m\u011bs\u00edc\u00edch po narozen\u00ed. Je to p\u0159irozen\u00e1 v\u00fd\u017eiva pokra\u010duj\u00edc\u00ed neomezen\u011b i&nbsp;pozd\u011bji vedle p\u0159\u00edkrm\u016f, kter\u00e1 pom\u00e1h\u00e1 vyzr\u00e1vat tr\u00e1vic\u00ed soustav\u011b, buduje imunitn\u00ed i&nbsp;nervov\u00fd syst\u00e9m. \u201eMate\u0159sk\u00e9 ml\u00e9ko je d\u016fle\u017eit\u00e9 pro zdrav\u00ed d\u00edt\u011bte (a&nbsp;je d\u016fle\u017eit\u00e9 a&nbsp;dobr\u00e9 i&nbsp;pro zdrav\u00ed jeho matky), proto\u017ee pozitivn\u00ed vliv kojen\u00ed na zdrav\u00ed d\u00edt\u011bte je z\u00e1visl\u00e9 na mno\u017estv\u00ed vypit\u00e9ho ml\u00e9ka a&nbsp;celkov\u00e9 d\u00e9lce kojen\u00ed &#8211; jin\u00fdmi slovy je to efekt z\u00e1visl\u00fd na \u201ed\u00e1vce\u201c.<\/p>\n<p>Podle nejnov\u011bj\u0161\u00ed studie presti\u017en\u00edho l\u00e9ka\u0159sk\u00e9ho \u010dasopisu Lancet, \u010d\u00edm v\u00edce &#8222;d\u00e1vek&#8220; kojen\u00ed, t\u00edm l\u00e9pe pro zdrav\u00ed d\u00edt\u011bte\u201c <a href=\"https:\/\/www.mamila.sk\/sk\/pre-matky\/dojcenie-a\/dlhodobe-dojcenie\/\">[3]<\/a>.<\/p>\n<p>[\/et_pb_text][et_pb_text _builder_version=&#8220;4.21.0&#8243; _module_preset=&#8220;a4ad65fe-a656-49b2-9754-b76361c9f86c&#8220; global_colors_info=&#8220;{}&#8220;]<\/p>\n<p>\u201eDle UNICEF, kdyby v\u0161echny d\u011bti byly od prvn\u00ed chv\u00edle po porodu a\u017e do sv\u00fdch \u0161esti m\u011bs\u00edc\u016f kojeny, zem\u0159elo by ve sv\u011bt\u011b ka\u017ed\u00fd rok o&nbsp;800 tis. d\u011bt\u00ed m\u00e9n\u011b. &#8211; statistika highlight v&nbsp;\u010dl\u00e1nku <a href=\"https:\/\/www.unicef.org\/turkiye\/en\/press-releases\/77-million-newborns-globally-not-breastfed-within-first-hour-life-unicef\">[2]<\/a>.\u201c<\/p>\n<p>[\/et_pb_text][et_pb_text _builder_version=&#8220;4.21.0&#8243; _module_preset=&#8220;dd44a80f-e178-438e-ae1f-7d2385f28960&#8243; global_colors_info=&#8220;{}&#8220;]<\/p>\n<p>Tak\u00e9 je doporu\u010dov\u00e1no rodi\u010d\u016fm, aby d\u011btem aplikovali pod plenku r\u016fzn\u00e9 kr\u00e9my, z\u00e1sypy a&nbsp;masti, kter\u00e9 jsou na trhu i&nbsp;des\u00edtky let a&nbsp;c\u00edl\u00ed na rodi\u010de, \u017ee pro d\u00edt\u011b je to to nejlep\u0161\u00ed (slo\u017een\u00ed tomu mnohdy rozhodn\u011b neodpov\u00edd\u00e1). N\u011bco jsem p\u00e1rkr\u00e1t pou\u017eila, kdy\u017e se dcera tro\u0161ku oprudila, ale p\u0159i\u0161lo mi to nakonec zbyte\u010dn\u00e9. Sta\u010dilo mi nechat d\u00edt\u011b co nejv\u00edc bez plenky a&nbsp;oplachovat citliv\u00e9 partie jen pod tekouc\u00ed vodou. M\u00e1m \u0161t\u011bst\u00ed, nebo je to fakt, \u017ee tato metoda funguje obecn\u011b?<\/p>\n<p>[\/et_pb_text][et_pb_text _builder_version=&#8220;4.21.0&#8243; _module_preset=&#8220;c1471b09-4a99-4ba4-a621-4bad6a5e9619&#8243; global_colors_info=&#8220;{}&#8220;]<\/p>\n<p><strong>Jana: <\/strong>Tuto pozitivn\u00ed zku\u0161enost nem\u00e1\u0161 jen ty, ale i&nbsp;jin\u00e9 odv\u00e1\u017en\u00e9 maminky, kter\u00e9 nepodlehly lobbingu kosmetick\u00fdch firem. Ide\u00e1ln\u00edm \u0159e\u0161en\u00edm je kombinace bezplenkov\u00e9 metody s&nbsp;prateln\u00fdmi neb\u011blen\u00fdmi plenkami. Po vypr\u00e1zdn\u011bn\u00ed sta\u010d\u00ed zade\u010dek opl\u00e1chnout vodou (nepou\u017e\u00edvat vlh\u010den\u00e9 ut\u011brky) a&nbsp;jemn\u011b osu\u0161it. P\u0159i pou\u017e\u00edv\u00e1n\u00ed jak\u00fdchkoli plenek plat\u00ed, \u017ee je t\u0159eba je co nejd\u0159\u00edve vym\u011bnit. Kr\u00e9my ani z\u00e1sypy nejsou pot\u0159ebn\u00e9, a&nbsp;to ani u&nbsp;novorozenc\u016f. I&nbsp;zde plat\u00ed, \u010d\u00edm m\u00e9n\u011b, t\u00edm l\u00e9pe.<\/p>\n<p>[\/et_pb_text][et_pb_text _builder_version=&#8220;4.21.0&#8243; _module_preset=&#8220;dd44a80f-e178-438e-ae1f-7d2385f28960&#8243; global_colors_info=&#8220;{}&#8220;]<\/p>\n<p>A co jednor\u00e1zov\u00e9 vlh\u010den\u00e9 ubrousky? D\u0159\u00edve neexistovaly, jak to rodi\u010de \u0159e\u0161ili? Jak\u00e9 jsou mo\u017enosti dnes? J\u00e1 osobn\u011b pou\u017e\u00edv\u00e1m jen ob\u010das perlan, kter\u00fd si p\u0159edem namo\u010d\u00edm (Jen na do\u010di\u0161t\u011bn\u00ed po\u010d\u016fran\u00e9ho miminka. Pak jej vyperu. Je vyroben z&nbsp;netkan\u00e9 textilie ze 100% visk\u00f3zy &#8211; p\u0159\u00edrodn\u00ed materi\u00e1l, lehce odbourateln\u00fd a&nbsp;vyjde to levn\u011b.) Na cestov\u00e1n\u00ed a&nbsp;ven m\u00e1m jednor\u00e1zov\u00e9 vlh\u010den\u00e9 ubrousky, kter\u00e9 jsou rozlo\u017eiteln\u00e9 a&nbsp;bez toxick\u00fdch l\u00e1tek. Ale mo\u017en\u00e1 existuje jin\u00fd jednoduch\u00fd eko zp\u016fsob?<\/p>\n<p>[\/et_pb_text][et_pb_text _builder_version=&#8220;4.21.0&#8243; _module_preset=&#8220;c1471b09-4a99-4ba4-a621-4bad6a5e9619&#8243; global_colors_info=&#8220;{}&#8220;]<\/p>\n<p><strong>Jana: <\/strong>Doma up\u0159ednostnit tekouc\u00ed vodu, venku pak bavln\u011bn\u00e9 ubrousky vlh\u010den\u00e9 \u010distou vodou, kter\u00e9 doma vyperete.<\/p>\n<p>[\/et_pb_text][et_pb_text _builder_version=&#8220;4.21.0&#8243; _module_preset=&#8220;dd44a80f-e178-438e-ae1f-7d2385f28960&#8243; global_colors_info=&#8220;{}&#8220;]<\/p>\n<p>Koup\u00e1n\u00ed miminek a&nbsp;d\u011bt\u00ed. Tady mi tak\u00e9 p\u0159ijde zbyte\u010dn\u00e9 m\u00edt X produkt\u016f. J\u00e1 m\u00e1m jen \u010dist\u00fd olej, kter\u00fd p\u0159id\u00e1v\u00e1m do vani\u010dky, tak\u017ee d\u00edt\u011b pak nema\u017eu. Nepou\u017e\u00edv\u00e1m \u0161ampony ani m\u00fddla, ale pozd\u011bji asi budu. Kdy za\u010d\u00edt pou\u017e\u00edvat t\u0159eba \u0161ampon, m\u00fddlo, atd. a&nbsp;jak co nej\u0161etrn\u011bji k&nbsp;d\u00edt\u011bti a&nbsp;p\u0159\u00edrod\u011b?<\/p>\n<p>[\/et_pb_text][et_pb_text _builder_version=&#8220;4.21.0&#8243; _module_preset=&#8220;c1471b09-4a99-4ba4-a621-4bad6a5e9619&#8243; global_colors_info=&#8220;{}&#8220;]<\/p>\n<p><strong>Jana:<\/strong> D\u011btsk\u00e1 poko\u017eka je 5x ten\u010d\u00ed a&nbsp;citliv\u011bj\u0161\u00ed ne\u017e dosp\u011bl\u00e1. Plat\u00ed, \u017ee \u201eco na d\u00edt\u011b nat\u0159eme, jako bychom mu podali \u00fasty\u201c. A&nbsp;zase se vr\u00e1t\u00edm k&nbsp;prevenci.<\/p>\n<p>Pokud nebudu naru\u0161ovat tvo\u0159\u00edc\u00ed se ochrann\u00fd film na poko\u017ece, tak budu p\u0159edch\u00e1zet p\u0159\u00edpadn\u00fdm pozd\u011bj\u0161\u00edm probl\u00e9m\u016fm. Co to znamen\u00e1 v&nbsp;praxi. Po narozen\u00ed nechat vst\u0159ebat m\u00e1zek (cca 5&nbsp;dn\u00ed), pot\u00e9 sta\u010d\u00ed koupat 1 &#8211; 2x t\u00fddn\u011b \u010distou vodou a&nbsp;n\u00e1sledn\u011b na vlhkou poko\u017eku nan\u00e9st jemnou mas\u00e1\u017e\u00ed tenkou vrstvu rostlinn\u00e9ho oleje. Nebo se m\u016f\u017ee olej p\u0159idat do koupele.<\/p>\n<p>M\u00fddlo pou\u017e\u00edt pouze v&nbsp;p\u0159\u00edpad\u011b siln\u011bj\u0161\u00edho, p\u0159\u00edpadn\u011b p\u0159ischl\u00e9ho za\u0161pin\u011bn\u00ed po stolici. Miminka v&nbsp;prvn\u00edch m\u011bs\u00edc\u00edch se nemaj\u00ed jak za\u0161pinit a&nbsp;proto nen\u00ed nutn\u00e9 pou\u017eit\u00ed m\u00fddla na cel\u00e9 t\u011blo. To sta\u010d\u00ed za\u010d\u00edt pou\u017e\u00edvat a\u017e kdy\u017e je z&nbsp;n\u011bho lezoun \u010di chod\u00edc\u00ed d\u011b\u0165\u00e1tko, m\u00e1 v\u00edce samostatn\u00e9ho pohybu.<\/p>\n<p>\u0160ampon za\u010d\u00edt pou\u017e\u00edvat v&nbsp;obdob\u00ed lezen\u00ed, proto\u017ee p\u0159i zemi je dost prachu.<\/p>\n<p>[\/et_pb_text][et_pb_text _builder_version=&#8220;4.21.0&#8243; _module_preset=&#8220;dd44a80f-e178-438e-ae1f-7d2385f28960&#8243; global_colors_info=&#8220;{}&#8220;]<\/p>\n<p>Zubn\u00ed hygiena u&nbsp;miminka a&nbsp;pak u&nbsp;d\u00edt\u011bte. Taky jste zast\u00e1ncem minimalismu? Co se dle tv\u00e9 praxe osv\u011bd\u010dilo? (Co pou\u017e\u00edvat, kdy za\u010d\u00edt, sta\u010d\u00ed nast\u00ednit na toto t\u00e9ma budeme m\u00edt \u010dl\u00e1nek a&nbsp;rozhovor se zuba\u0159kou, ale je fajn, kdy\u017e se v\u00edc lid\u00ed vyj\u00e1d\u0159\u00ed k&nbsp;problematice.) A&nbsp;co Fluoridy v&nbsp;d\u011btsk\u00fdch past\u00e1ch?<\/p>\n<p>[\/et_pb_text][et_pb_text _builder_version=&#8220;4.21.0&#8243; _module_preset=&#8220;c1471b09-4a99-4ba4-a621-4bad6a5e9619&#8243; global_colors_info=&#8220;{}&#8220;]<\/p>\n<p><strong>Jana: <\/strong>J\u00e1 jsem zast\u00e1ncem, \u017ee v&nbsp;potrav\u011b ji\u017e m\u00e1me, nebo m\u016f\u017eeme m\u00edt dostatek fluoridu. Zubn\u00ed \u201ehygiena\u201c za\u010d\u00edn\u00e1 v&nbsp;obdob\u00ed za\u010d\u00e1tku r\u016fstu prvn\u00edch zoubk\u016f. D\u011b\u0165\u00e1tko samo od sebe up\u0159ednost\u0148uje kous\u00e1n\u00ed k&nbsp;\u00falev\u011b od r\u016fstu. V&nbsp;t\u00e9to dob\u011b, vedle za\u010d\u00ednaj\u00edc\u00edch p\u0159\u00edkrm\u016f, m\u016f\u017eeme za\u010d\u00edt s&nbsp;jemnou mas\u00e1\u017e\u00ed\/\u201c\u010di\u0161t\u011bn\u00edm\u201c zoubk\u016f silikonov\u00fdm kart\u00e1\u010dkem navle\u010den\u00fdm na prst.<\/p>\n<p>Kdy\u017e u\u017e d\u011b\u0165\u00e1tko uchopuje a&nbsp;strk\u00e1 do pusinky p\u0159edm\u011bty, m\u016f\u017eeme mu d\u00e1t na hran\u00ed i&nbsp;prvn\u00ed d\u011btsk\u00fd zubn\u00ed kart\u00e1\u010dek. Pasta na \u010di\u0161t\u011bn\u00ed nen\u00ed v&nbsp;za\u010d\u00e1tc\u00edch a\u017e tak podstatn\u00e1. D\u016fle\u017eit\u011bj\u0161\u00ed je mechanick\u00e1 o\u010dista. A&nbsp;jsem zast\u00e1nce \u201e\u010di\u0161t\u011bn\u00ed hrou\u201c.<\/p>\n<p>Pou\u017e\u00edv\u00e1n\u00ed pasty nast\u00e1v\u00e1 a\u017e v&nbsp;obdob\u00ed, kdy ji um\u00ed alespo\u0148 chv\u00edli udr\u017eet v&nbsp;\u00fastech a&nbsp;prvopl\u00e1nov\u011b ji nej\u00edst. Jeliko\u017e spolknut\u00ed zabr\u00e1nit nelze, tak je vhodn\u00fd d\u011btsk\u00fd zubn\u00ed gel bez fluorid\u016f, kter\u00fd obsahuje jen p\u0159\u00edrodn\u00ed slo\u017eky, kter\u00e9 nevyvolaj\u00ed p\u0159i spolknut\u00ed pot\u00ed\u017ee.<\/p>\n<p>Tvorba povlaku na zubech tak\u00e9 z\u00e1vis\u00ed na druhu konzumovan\u00e9 stravy. Fluoridy se p\u0159irozen\u011b nach\u00e1zej\u00ed v&nbsp;mate\u0159sk\u00e9m ml\u00e9ce a&nbsp;do n\u00e1hradn\u00ed um\u011bl\u00e9 v\u00fd\u017eivy jsou zase p\u0159id\u00e1v\u00e1ny.<\/p>\n<p>[\/et_pb_text][et_pb_text _builder_version=&#8220;4.21.0&#8243; _module_preset=&#8220;dd44a80f-e178-438e-ae1f-7d2385f28960&#8243; global_colors_info=&#8220;{}&#8220;]<\/p>\n<p>A co plenky? \u010clov\u011bk se do\u010dte ledacos, ale jak to je? L\u00e1tkov\u00e9 vs. jednor\u00e1zov\u00e9? Jsou l\u00e1tkov\u00e9 \u0161etrn\u00e9 k&nbsp;d\u011btsk\u00e9 poko\u017ece?<\/p>\n<p>[\/et_pb_text][et_pb_text _builder_version=&#8220;4.21.0&#8243; _module_preset=&#8220;c1471b09-4a99-4ba4-a621-4bad6a5e9619&#8243; global_colors_info=&#8220;{}&#8220;]<\/p>\n<p><strong>Jana: <\/strong>U obou typ\u016f plenek plat\u00ed, \u017ee opruzenin\u00e1m se p\u0159edch\u00e1z\u00ed jejich \u010dastou v\u00fdm\u011bnou. V&nbsp;tomto rozd\u00edl nevid\u00edm. Rozd\u00edl je v&nbsp;materi\u00e1lech. Komer\u010dn\u00ed pleny maj\u00ed v&nbsp;j\u00e1dru superabsorbent a&nbsp;jsou b\u011blen\u00e9 chlorem.<\/p>\n<p>D\u011btsk\u00e1 poko\u017eka nem\u00e1 p\u0159ich\u00e1zet do styku s&nbsp;um\u011bl\u00fdmi materi\u00e1ly (to plat\u00ed i&nbsp;o&nbsp;oble\u010den\u00ed). Jednor\u00e1zov\u00e9 pleny naz\u00fdv\u00e1m tak\u00e9 \u201echemick\u00e1 tov\u00e1rna\u201c a&nbsp;ta nem\u00e1 na jemn\u00e9 citliv\u00e9 poko\u017ece co d\u011blat.<\/p>\n<p>Na\u0161t\u011bst\u00ed u\u017e dnes existuj\u00ed i&nbsp;\u200b\u200bprateln\u00e9 pleny navr\u017een\u00e9 podle jednor\u00e1zovek \u2013 maj\u00ed sav\u00e9 j\u00e1dro z&nbsp;p\u0159\u00edrodn\u00edch materi\u00e1l\u016f a&nbsp;rychloup\u00edn\u00e1n\u00ed. Ur\u010dit\u011b zanech\u00e1vaj\u00ed men\u0161\u00ed ekologickou stopu a&nbsp;z\u00e1rove\u0148 jsou \u0161etrn\u011bj\u0161\u00ed k&nbsp;poko\u017ece miminka.<\/p>\n<p>Nejvhodn\u011bj\u0161\u00ed je kombinovat bezplenkovou komunika\u010dn\u00ed metodu s&nbsp;pou\u017e\u00edv\u00e1n\u00edm prateln\u00fdch \u201ejednor\u00e1zov\u00fdch\u201c plenek. Tato kombinace z\u00e1rove\u0148 p\u0159irozen\u011b podporuje kontrolu d\u011b\u0165\u00e1tka nad sv\u00fdm vylu\u010dov\u00e1n\u00edm a&nbsp;p\u0159irozen\u00fd p\u0159echod na \u201eodplenkov\u00e1n\u00ed\u201c.<\/p>\n<p>[\/et_pb_text][et_pb_text _builder_version=&#8220;4.21.0&#8243; _module_preset=&#8220;dd44a80f-e178-438e-ae1f-7d2385f28960&#8243; global_colors_info=&#8220;{}&#8220;]<\/p>\n<p>Je n\u011bco co bys cht\u011bla doporu\u010dit rodi\u010d\u016fm v&nbsp;p\u00e9\u010di o&nbsp;d\u00edt\u011b?<\/p>\n<p>[\/et_pb_text][et_pb_text _builder_version=&#8220;4.21.0&#8243; _module_preset=&#8220;c1471b09-4a99-4ba4-a621-4bad6a5e9619&#8243; global_colors_info=&#8220;{}&#8220;]<\/p>\n<p><strong>Jana:<\/strong> V&nbsp;t\u00e9to internetov\u00e9 dob\u011b pln\u00e9 p\u0159evratn\u00fdch technologi\u00ed je obt\u00ed\u017en\u00e9 se orientovat a&nbsp;nepodlehnout marketingov\u00fdm nab\u00eddk\u00e1m. A&nbsp;samoz\u0159ejm\u011b r\u016fzn\u00fdm diskusn\u00edm f\u00f3r\u016fm. Ty ud\u011blaj\u00ed v\u00edce \u0161kody ne\u017e u\u017eitku.<\/p>\n<p>Na poradenstv\u00ed \u010derstv\u00e9 maminky podporuji, aby poslouchaly svou intuici, zapojily i&nbsp;selsk\u00fd rozum, vn\u00edmali pot\u0159eby sv\u00e9ho miminka, vych\u00e1zely mu vst\u0159\u00edc a&nbsp;napl\u0148ovaly jeho pot\u0159eby, nenech\u00e1valy miminko o&nbsp;samot\u011b a&nbsp;ani vyplakat a&nbsp;spole\u010dn\u011b s&nbsp;tat\u00ednkem mu dop\u0159\u00e1li co nejv\u00edce fyzick\u00e9ho kontaktu (v&nbsp;prvn\u00edch dnech po porodu nep\u0159eru\u0161ovan\u00fd fyzick\u00fd kontakt k\u016f\u017ee na k\u016f\u017ei, d\u00e1le spole\u010dn\u00e9 span\u00ed, no\u0161en\u00ed v&nbsp;\u0161\u00e1tku, celot\u011blov\u00e9 mas\u00e1\u017ee) a&nbsp;t\u00edm zajistili i&nbsp;pocit bezpe\u010d\u00ed. Nesm\u00edme zapom\u00ednat ani na p\u0159im\u011b\u0159en\u00e9 mno\u017estv\u00ed vhodn\u00fdch podn\u011bt\u016f.<\/p>\n<p>V bezstresov\u00e9m prost\u0159ed\u00ed m\u00e1 d\u011b\u0165\u00e1tko mo\u017enost se zdrav\u011b rozv\u00edjet. Ka\u017ed\u00e9 d\u011b\u0165\u00e1tko je jedine\u010dn\u00e9 a&nbsp;tak zku\u0161enosti a&nbsp;doporu\u010den\u00ed druh\u00fdch nen\u00ed t\u0159eba br\u00e1t doslova, ale sp\u00ed\u0161e jako vod\u00edtko cestou pozn\u00e1v\u00e1n\u00ed a&nbsp;napl\u0148ov\u00e1n\u00ed pot\u0159eb sv\u00fdch d\u011bt\u00ed.<\/p>\n<p>[\/et_pb_text][et_pb_text _builder_version=&#8220;4.21.0&#8243; _module_preset=&#8220;b69f9b3d-c69a-4c5f-a3b8-4a8a74c4c1a0&#8243; global_colors_info=&#8220;{}&#8220;]<\/p>\n<h3>Zdroje<\/h3>\n<p>[1] <a href=\"https:\/\/www.mamila.sk\/sk\/pre-matky\/dojcenie-a\/zavinovacka\/\" target=\"_blank\" rel=\"noopener\">https:\/\/www.mamila.sk\/sk\/pre-matky\/dojcenie-a\/zavinovacka\/<\/a><\/p>\n<p>[2] <a href=\"https:\/\/www.unicef.org\/turkiye\/en\/press-releases\/77-million-newborns-globally-not-breastfed-within-first-hour-life-unicef\" target=\"_blank\" rel=\"noopener\">https:\/\/www.unicef.org\/turkiye\/en\/press-releases\/77-million-newborns-globally-not-breastfed-within-first-hour-life-unicef<\/a><\/p>\n<p>[3] <a href=\"https:\/\/www.mamila.sk\/sk\/pre-matky\/dojcenie-a\/dlhodobe-dojcenie\/\" target=\"_blank\" rel=\"noopener\">https:\/\/www.mamila.sk\/sk\/pre-matky\/dojcenie-a\/dlhodobe-dojcenie\/<\/a><\/p>\n<p>[\/et_pb_text][\/et_pb_column][\/et_pb_row][\/et_pb_section]<\/p>\n","protected":false},"excerpt":{"rendered":"<p>Ka\u017ed\u00fd by asi cht\u011bl z\u00e1zra\u010dnou pilulku na v\u0161echny neduhy.<\/p>\n","protected":false},"author":1,"featured_media":3780,"comment_status":"open","ping_status":"closed","sticky":false,"template":"","format":"standard","meta":{"_et_pb_use_builder":"on","_et_pb_old_content":"","_et_gb_content_width":"1080","_monsterinsights_skip_tracking":false,"_monsterinsights_sitenote_active":false,"_monsterinsights_sitenote_note":"","_monsterinsights_sitenote_category":0,"footnotes":""},"categories":[94],"tags":[],"ppma_author":[161,157],"yoast_head":"<!-- This site is optimized with the Yoast SEO plugin v23.2 - https:\/\/yoast.com\/wordpress\/plugins\/seo\/ -->\n<title>Rozhovor s l\u00e9k\u00e1rnic\u00ed a lakta\u010dn\u00ed poradkyn\u00ed Janou Bolekovou - GreenGate<\/title>\n<meta name=\"description\" content=\"Ka\u017ed\u00fd by asi cht\u011bl z\u00e1zra\u010dnou pilulku na v\u0161echny neduhy.\" \/>\n<meta name=\"robots\" content=\"index, follow, max-snippet:-1, max-image-preview:large, max-video-preview:-1\" \/>\n<link rel=\"canonical\" href=\"https:\/\/green-gate.eu\/cs\/blog\/rozhovory-s-experty\/rozhovor-s-lekarnici-a-laktacni-poradkyni-janou-bolekovou\/\" \/>\n<meta property=\"og:locale\" content=\"cs_CZ\" \/>\n<meta property=\"og:type\" content=\"article\" \/>\n<meta property=\"og:title\" content=\"Rozhovor s l\u00e9k\u00e1rnic\u00ed a lakta\u010dn\u00ed poradkyn\u00ed Janou Bolekovou - GreenGate\" \/>\n<meta property=\"og:description\" content=\"Ka\u017ed\u00fd by asi cht\u011bl z\u00e1zra\u010dnou pilulku na v\u0161echny neduhy.\" \/>\n<meta property=\"og:url\" content=\"https:\/\/green-gate.eu\/cs\/blog\/rozhovory-s-experty\/rozhovor-s-lekarnici-a-laktacni-poradkyni-janou-bolekovou\/\" \/>\n<meta property=\"og:site_name\" content=\"GreenGate\" \/>\n<meta property=\"article:published_time\" content=\"2023-04-06T14:19:43+00:00\" \/>\n<meta property=\"article:modified_time\" content=\"2024-01-02T15:52:28+00:00\" \/>\n<meta property=\"og:image\" content=\"https:\/\/green-gate.eu\/wp-content\/uploads\/2023\/04\/An-interview-with-Jana-Bolekova-title.jpg\" \/>\n\t<meta property=\"og:image:width\" content=\"1000\" \/>\n\t<meta property=\"og:image:height\" content=\"568\" \/>\n\t<meta property=\"og:image:type\" content=\"image\/jpeg\" \/>\n<meta name=\"author\" content=\"Ing. \u017daneta Milo\u0161ov\u00e1 (Hav\u00edrov\u00e1), MSc. B\u00e1ra Halikov\u00e1\" \/>\n<meta name=\"twitter:card\" content=\"summary_large_image\" \/>\n<meta name=\"twitter:label1\" content=\"Napsal(a)\" \/>\n\t<meta name=\"twitter:data1\" content=\"GreenGate\" \/>\n\t<meta name=\"twitter:label2\" content=\"Odhadovan\u00e1 doba \u010dten\u00ed\" \/>\n\t<meta name=\"twitter:data2\" content=\"16 minut\" \/>\n<script type=\"application\/ld+json\" class=\"yoast-schema-graph\">{\"@context\":\"https:\/\/schema.org\",\"@graph\":[{\"@type\":\"Article\",\"@id\":\"https:\/\/green-gate.eu\/cs\/blog\/rozhovory-s-experty\/rozhovor-s-lekarnici-a-laktacni-poradkyni-janou-bolekovou\/#article\",\"isPartOf\":{\"@id\":\"https:\/\/green-gate.eu\/cs\/blog\/rozhovory-s-experty\/rozhovor-s-lekarnici-a-laktacni-poradkyni-janou-bolekovou\/\"},\"author\":{\"name\":\"admin\",\"@id\":\"https:\/\/green-gate.eu\/cs\/#\/schema\/person\/cc65f62f404f1cfdf713e76d8b70cbea\"},\"headline\":\"Rozhovor s&nbsp;l\u00e9k\u00e1rnic\u00ed a&nbsp;lakta\u010dn\u00ed poradkyn\u00ed Janou Bolekovou\",\"datePublished\":\"2023-04-06T14:19:43+00:00\",\"dateModified\":\"2024-01-02T15:52:28+00:00\",\"mainEntityOfPage\":{\"@id\":\"https:\/\/green-gate.eu\/cs\/blog\/rozhovory-s-experty\/rozhovor-s-lekarnici-a-laktacni-poradkyni-janou-bolekovou\/\"},\"wordCount\":6012,\"commentCount\":0,\"publisher\":{\"@id\":\"https:\/\/green-gate.eu\/cs\/#organization\"},\"image\":{\"@id\":\"https:\/\/green-gate.eu\/cs\/blog\/rozhovory-s-experty\/rozhovor-s-lekarnici-a-laktacni-poradkyni-janou-bolekovou\/#primaryimage\"},\"thumbnailUrl\":\"https:\/\/green-gate.eu\/wp-content\/uploads\/2023\/04\/An-interview-with-Jana-Bolekova-title.jpg\",\"articleSection\":[\"ROZHOVORY A VIDEA S EXPERTY\"],\"inLanguage\":\"cs\",\"potentialAction\":[{\"@type\":\"CommentAction\",\"name\":\"Comment\",\"target\":[\"https:\/\/green-gate.eu\/cs\/blog\/rozhovory-s-experty\/rozhovor-s-lekarnici-a-laktacni-poradkyni-janou-bolekovou\/#respond\"]}]},{\"@type\":\"WebPage\",\"@id\":\"https:\/\/green-gate.eu\/cs\/blog\/rozhovory-s-experty\/rozhovor-s-lekarnici-a-laktacni-poradkyni-janou-bolekovou\/\",\"url\":\"https:\/\/green-gate.eu\/cs\/blog\/rozhovory-s-experty\/rozhovor-s-lekarnici-a-laktacni-poradkyni-janou-bolekovou\/\",\"name\":\"Rozhovor s l\u00e9k\u00e1rnic\u00ed a lakta\u010dn\u00ed poradkyn\u00ed Janou Bolekovou - GreenGate\",\"isPartOf\":{\"@id\":\"https:\/\/green-gate.eu\/cs\/#website\"},\"primaryImageOfPage\":{\"@id\":\"https:\/\/green-gate.eu\/cs\/blog\/rozhovory-s-experty\/rozhovor-s-lekarnici-a-laktacni-poradkyni-janou-bolekovou\/#primaryimage\"},\"image\":{\"@id\":\"https:\/\/green-gate.eu\/cs\/blog\/rozhovory-s-experty\/rozhovor-s-lekarnici-a-laktacni-poradkyni-janou-bolekovou\/#primaryimage\"},\"thumbnailUrl\":\"https:\/\/green-gate.eu\/wp-content\/uploads\/2023\/04\/An-interview-with-Jana-Bolekova-title.jpg\",\"datePublished\":\"2023-04-06T14:19:43+00:00\",\"dateModified\":\"2024-01-02T15:52:28+00:00\",\"description\":\"Ka\u017ed\u00fd by asi cht\u011bl z\u00e1zra\u010dnou pilulku na v\u0161echny neduhy.\",\"breadcrumb\":{\"@id\":\"https:\/\/green-gate.eu\/cs\/blog\/rozhovory-s-experty\/rozhovor-s-lekarnici-a-laktacni-poradkyni-janou-bolekovou\/#breadcrumb\"},\"inLanguage\":\"cs\",\"potentialAction\":[{\"@type\":\"ReadAction\",\"target\":[\"https:\/\/green-gate.eu\/cs\/blog\/rozhovory-s-experty\/rozhovor-s-lekarnici-a-laktacni-poradkyni-janou-bolekovou\/\"]}]},{\"@type\":\"ImageObject\",\"inLanguage\":\"cs\",\"@id\":\"https:\/\/green-gate.eu\/cs\/blog\/rozhovory-s-experty\/rozhovor-s-lekarnici-a-laktacni-poradkyni-janou-bolekovou\/#primaryimage\",\"url\":\"https:\/\/green-gate.eu\/wp-content\/uploads\/2023\/04\/An-interview-with-Jana-Bolekova-title.jpg\",\"contentUrl\":\"https:\/\/green-gate.eu\/wp-content\/uploads\/2023\/04\/An-interview-with-Jana-Bolekova-title.jpg\",\"width\":1000,\"height\":568},{\"@type\":\"BreadcrumbList\",\"@id\":\"https:\/\/green-gate.eu\/cs\/blog\/rozhovory-s-experty\/rozhovor-s-lekarnici-a-laktacni-poradkyni-janou-bolekovou\/#breadcrumb\",\"itemListElement\":[{\"@type\":\"ListItem\",\"position\":1,\"name\":\"Home\",\"item\":\"https:\/\/green-gate.eu\/cs\/\"},{\"@type\":\"ListItem\",\"position\":2,\"name\":\"Rozhovor s l\u00e9k\u00e1rnic\u00ed a lakta\u010dn\u00ed poradkyn\u00ed Janou Bolekovou\"}]},{\"@type\":\"WebSite\",\"@id\":\"https:\/\/green-gate.eu\/cs\/#website\",\"url\":\"https:\/\/green-gate.eu\/cs\/\",\"name\":\"GreenGate\",\"description\":\"Learn how to create healthier beauty routines and debunk common myths.\",\"publisher\":{\"@id\":\"https:\/\/green-gate.eu\/cs\/#organization\"},\"potentialAction\":[{\"@type\":\"SearchAction\",\"target\":{\"@type\":\"EntryPoint\",\"urlTemplate\":\"https:\/\/green-gate.eu\/cs\/?s={search_term_string}\"},\"query-input\":\"required name=search_term_string\"}],\"inLanguage\":\"cs\"},{\"@type\":\"Organization\",\"@id\":\"https:\/\/green-gate.eu\/cs\/#organization\",\"name\":\"GreenGate\",\"url\":\"https:\/\/green-gate.eu\/cs\/\",\"logo\":{\"@type\":\"ImageObject\",\"inLanguage\":\"cs\",\"@id\":\"https:\/\/green-gate.eu\/cs\/#\/schema\/logo\/image\/\",\"url\":\"https:\/\/green-gate.eu\/wp-content\/uploads\/2023\/04\/brand.png\",\"contentUrl\":\"https:\/\/green-gate.eu\/wp-content\/uploads\/2023\/04\/brand.png\",\"width\":263,\"height\":108,\"caption\":\"GreenGate\"},\"image\":{\"@id\":\"https:\/\/green-gate.eu\/cs\/#\/schema\/logo\/image\/\"}},{\"@type\":\"Person\",\"@id\":\"https:\/\/green-gate.eu\/cs\/#\/schema\/person\/cc65f62f404f1cfdf713e76d8b70cbea\",\"name\":\"admin\",\"image\":{\"@type\":\"ImageObject\",\"inLanguage\":\"cs\",\"@id\":\"https:\/\/green-gate.eu\/cs\/#\/schema\/person\/image\/077c05906ce7b8a014776f7cd6ade944\",\"url\":\"https:\/\/green-gate.eu\/wp-content\/uploads\/2023\/05\/default-avatar.png\",\"contentUrl\":\"https:\/\/green-gate.eu\/wp-content\/uploads\/2023\/05\/default-avatar.png\",\"caption\":\"admin\"},\"description\":\"Share a little biographical information to fill out your profile. This may be shown publicly.\",\"sameAs\":[\"https:\/\/green-gate.eu\"],\"url\":\"https:\/\/green-gate.eu\/cs\/blog\/author\/admin\/\"}]}<\/script>\n<!-- \/ Yoast SEO plugin. -->","yoast_head_json":{"title":"Rozhovor s l\u00e9k\u00e1rnic\u00ed a lakta\u010dn\u00ed poradkyn\u00ed Janou Bolekovou - GreenGate","description":"Ka\u017ed\u00fd by asi cht\u011bl z\u00e1zra\u010dnou pilulku na v\u0161echny neduhy.","robots":{"index":"index","follow":"follow","max-snippet":"max-snippet:-1","max-image-preview":"max-image-preview:large","max-video-preview":"max-video-preview:-1"},"canonical":"https:\/\/green-gate.eu\/cs\/blog\/rozhovory-s-experty\/rozhovor-s-lekarnici-a-laktacni-poradkyni-janou-bolekovou\/","og_locale":"cs_CZ","og_type":"article","og_title":"Rozhovor s l\u00e9k\u00e1rnic\u00ed a lakta\u010dn\u00ed poradkyn\u00ed Janou Bolekovou - GreenGate","og_description":"Ka\u017ed\u00fd by asi cht\u011bl z\u00e1zra\u010dnou pilulku na v\u0161echny neduhy.","og_url":"https:\/\/green-gate.eu\/cs\/blog\/rozhovory-s-experty\/rozhovor-s-lekarnici-a-laktacni-poradkyni-janou-bolekovou\/","og_site_name":"GreenGate","article_published_time":"2023-04-06T14:19:43+00:00","article_modified_time":"2024-01-02T15:52:28+00:00","og_image":[{"width":1000,"height":568,"url":"https:\/\/green-gate.eu\/wp-content\/uploads\/2023\/04\/An-interview-with-Jana-Bolekova-title.jpg","type":"image\/jpeg"}],"author":"Ing. \u017daneta Milo\u0161ov\u00e1 (Hav\u00edrov\u00e1), MSc. B\u00e1ra Halikov\u00e1","twitter_card":"summary_large_image","twitter_misc":{"Napsal(a)":"GreenGate","Odhadovan\u00e1 doba \u010dten\u00ed":"16 minut"},"schema":{"@context":"https:\/\/schema.org","@graph":[{"@type":"Article","@id":"https:\/\/green-gate.eu\/cs\/blog\/rozhovory-s-experty\/rozhovor-s-lekarnici-a-laktacni-poradkyni-janou-bolekovou\/#article","isPartOf":{"@id":"https:\/\/green-gate.eu\/cs\/blog\/rozhovory-s-experty\/rozhovor-s-lekarnici-a-laktacni-poradkyni-janou-bolekovou\/"},"author":{"name":"admin","@id":"https:\/\/green-gate.eu\/cs\/#\/schema\/person\/cc65f62f404f1cfdf713e76d8b70cbea"},"headline":"Rozhovor s&nbsp;l\u00e9k\u00e1rnic\u00ed a&nbsp;lakta\u010dn\u00ed poradkyn\u00ed Janou Bolekovou","datePublished":"2023-04-06T14:19:43+00:00","dateModified":"2024-01-02T15:52:28+00:00","mainEntityOfPage":{"@id":"https:\/\/green-gate.eu\/cs\/blog\/rozhovory-s-experty\/rozhovor-s-lekarnici-a-laktacni-poradkyni-janou-bolekovou\/"},"wordCount":6012,"commentCount":0,"publisher":{"@id":"https:\/\/green-gate.eu\/cs\/#organization"},"image":{"@id":"https:\/\/green-gate.eu\/cs\/blog\/rozhovory-s-experty\/rozhovor-s-lekarnici-a-laktacni-poradkyni-janou-bolekovou\/#primaryimage"},"thumbnailUrl":"https:\/\/green-gate.eu\/wp-content\/uploads\/2023\/04\/An-interview-with-Jana-Bolekova-title.jpg","articleSection":["ROZHOVORY A VIDEA S EXPERTY"],"inLanguage":"cs","potentialAction":[{"@type":"CommentAction","name":"Comment","target":["https:\/\/green-gate.eu\/cs\/blog\/rozhovory-s-experty\/rozhovor-s-lekarnici-a-laktacni-poradkyni-janou-bolekovou\/#respond"]}]},{"@type":"WebPage","@id":"https:\/\/green-gate.eu\/cs\/blog\/rozhovory-s-experty\/rozhovor-s-lekarnici-a-laktacni-poradkyni-janou-bolekovou\/","url":"https:\/\/green-gate.eu\/cs\/blog\/rozhovory-s-experty\/rozhovor-s-lekarnici-a-laktacni-poradkyni-janou-bolekovou\/","name":"Rozhovor s l\u00e9k\u00e1rnic\u00ed a lakta\u010dn\u00ed poradkyn\u00ed Janou Bolekovou - GreenGate","isPartOf":{"@id":"https:\/\/green-gate.eu\/cs\/#website"},"primaryImageOfPage":{"@id":"https:\/\/green-gate.eu\/cs\/blog\/rozhovory-s-experty\/rozhovor-s-lekarnici-a-laktacni-poradkyni-janou-bolekovou\/#primaryimage"},"image":{"@id":"https:\/\/green-gate.eu\/cs\/blog\/rozhovory-s-experty\/rozhovor-s-lekarnici-a-laktacni-poradkyni-janou-bolekovou\/#primaryimage"},"thumbnailUrl":"https:\/\/green-gate.eu\/wp-content\/uploads\/2023\/04\/An-interview-with-Jana-Bolekova-title.jpg","datePublished":"2023-04-06T14:19:43+00:00","dateModified":"2024-01-02T15:52:28+00:00","description":"Ka\u017ed\u00fd by asi cht\u011bl z\u00e1zra\u010dnou pilulku na v\u0161echny neduhy.","breadcrumb":{"@id":"https:\/\/green-gate.eu\/cs\/blog\/rozhovory-s-experty\/rozhovor-s-lekarnici-a-laktacni-poradkyni-janou-bolekovou\/#breadcrumb"},"inLanguage":"cs","potentialAction":[{"@type":"ReadAction","target":["https:\/\/green-gate.eu\/cs\/blog\/rozhovory-s-experty\/rozhovor-s-lekarnici-a-laktacni-poradkyni-janou-bolekovou\/"]}]},{"@type":"ImageObject","inLanguage":"cs","@id":"https:\/\/green-gate.eu\/cs\/blog\/rozhovory-s-experty\/rozhovor-s-lekarnici-a-laktacni-poradkyni-janou-bolekovou\/#primaryimage","url":"https:\/\/green-gate.eu\/wp-content\/uploads\/2023\/04\/An-interview-with-Jana-Bolekova-title.jpg","contentUrl":"https:\/\/green-gate.eu\/wp-content\/uploads\/2023\/04\/An-interview-with-Jana-Bolekova-title.jpg","width":1000,"height":568},{"@type":"BreadcrumbList","@id":"https:\/\/green-gate.eu\/cs\/blog\/rozhovory-s-experty\/rozhovor-s-lekarnici-a-laktacni-poradkyni-janou-bolekovou\/#breadcrumb","itemListElement":[{"@type":"ListItem","position":1,"name":"Home","item":"https:\/\/green-gate.eu\/cs\/"},{"@type":"ListItem","position":2,"name":"Rozhovor s l\u00e9k\u00e1rnic\u00ed a lakta\u010dn\u00ed poradkyn\u00ed Janou Bolekovou"}]},{"@type":"WebSite","@id":"https:\/\/green-gate.eu\/cs\/#website","url":"https:\/\/green-gate.eu\/cs\/","name":"GreenGate","description":"Learn how to create healthier beauty routines and debunk common myths.","publisher":{"@id":"https:\/\/green-gate.eu\/cs\/#organization"},"potentialAction":[{"@type":"SearchAction","target":{"@type":"EntryPoint","urlTemplate":"https:\/\/green-gate.eu\/cs\/?s={search_term_string}"},"query-input":"required name=search_term_string"}],"inLanguage":"cs"},{"@type":"Organization","@id":"https:\/\/green-gate.eu\/cs\/#organization","name":"GreenGate","url":"https:\/\/green-gate.eu\/cs\/","logo":{"@type":"ImageObject","inLanguage":"cs","@id":"https:\/\/green-gate.eu\/cs\/#\/schema\/logo\/image\/","url":"https:\/\/green-gate.eu\/wp-content\/uploads\/2023\/04\/brand.png","contentUrl":"https:\/\/green-gate.eu\/wp-content\/uploads\/2023\/04\/brand.png","width":263,"height":108,"caption":"GreenGate"},"image":{"@id":"https:\/\/green-gate.eu\/cs\/#\/schema\/logo\/image\/"}},{"@type":"Person","@id":"https:\/\/green-gate.eu\/cs\/#\/schema\/person\/cc65f62f404f1cfdf713e76d8b70cbea","name":"admin","image":{"@type":"ImageObject","inLanguage":"cs","@id":"https:\/\/green-gate.eu\/cs\/#\/schema\/person\/image\/077c05906ce7b8a014776f7cd6ade944","url":"https:\/\/green-gate.eu\/wp-content\/uploads\/2023\/05\/default-avatar.png","contentUrl":"https:\/\/green-gate.eu\/wp-content\/uploads\/2023\/05\/default-avatar.png","caption":"admin"},"description":"Share a little biographical information to fill out your profile. This may be shown publicly.","sameAs":["https:\/\/green-gate.eu"],"url":"https:\/\/green-gate.eu\/cs\/blog\/author\/admin\/"}]}},"jetpack_sharing_enabled":true,"jetpack_featured_media_url":"https:\/\/green-gate.eu\/wp-content\/uploads\/2023\/04\/An-interview-with-Jana-Bolekova-title.jpg","authors":[{"term_id":161,"user_id":0,"is_guest":1,"slug":"ing-zaneta-milosova-havirova","display_name":"Ing. \u017daneta Milo\u0161ov\u00e1 (Hav\u00edrov\u00e1)","avatar_url":{"url":"https:\/\/green-gate.eu\/wp-content\/uploads\/2024\/04\/Zaneta_medailonek-scaled.jpg","url2x":"https:\/\/green-gate.eu\/wp-content\/uploads\/2024\/04\/Zaneta_medailonek-scaled.jpg"},"user_url":"","last_name":"","first_name":"","job_title":"","description":"Vede spole\u010dnost GreenScan, kter\u00e1 prosazuje svobodu volby a pr\u00e1vo na informace pro ka\u017ed\u00e9ho spot\u0159ebitele. Vystudovala V\u0160B-TUO v oborech Environment\u00e1ln\u00edch v\u011bd. V\u017edy se sna\u017eila hledat rovnov\u00e1hu mezi p\u0159\u00edrodou a modern\u00edm sv\u011btem. V\u011bnuje se popularizaci v\u011bdy, osv\u011bt\u011b a vzd\u011bl\u00e1v\u00e1n\u00ed v oblasti \u0161kodliv\u00fdch l\u00e1tek kolem n\u00e1s. Po\u0159\u00e1d\u00e1 semin\u00e1\u0159e, webin\u00e1\u0159e, workshopy a poradenstv\u00ed pro jednotlivce, firmy a organizace."},{"term_id":157,"user_id":0,"is_guest":1,"slug":"bara-halikova","display_name":"MSc. B\u00e1ra Halikov\u00e1","avatar_url":{"url":"https:\/\/green-gate.eu\/wp-content\/uploads\/2023\/04\/Bara.png","url2x":"https:\/\/green-gate.eu\/wp-content\/uploads\/2023\/04\/Bara.png"},"user_url":"","last_name":"","first_name":"","job_title":"","description":"Ukon\u010dila magistersk\u00e9 studium environment\u00e1ln\u00edho managementu a odpadov\u00e9ho hospod\u00e1\u0159stv\u00ed na GCU v Glasgow\u011b. V sou\u010dasnosti pracuje pro organizaci CEEV \u017divica na projektu GreenGate, jeho\u017e hlavn\u00edm c\u00edlem je informovat ve\u0159ejnost o nebezpe\u010dn\u00fdch l\u00e1tk\u00e1ch v kosmetice. \u017dije s partnerem a dcerkou na slovensk\u00e9m venkov\u011b v mal\u00e9m mobiln\u00edm domku, kter\u00fd si sami postavili."}],"_links":{"self":[{"href":"https:\/\/green-gate.eu\/cs\/wp-json\/wp\/v2\/posts\/12285"}],"collection":[{"href":"https:\/\/green-gate.eu\/cs\/wp-json\/wp\/v2\/posts"}],"about":[{"href":"https:\/\/green-gate.eu\/cs\/wp-json\/wp\/v2\/types\/post"}],"author":[{"embeddable":true,"href":"https:\/\/green-gate.eu\/cs\/wp-json\/wp\/v2\/users\/1"}],"replies":[{"embeddable":true,"href":"https:\/\/green-gate.eu\/cs\/wp-json\/wp\/v2\/comments?post=12285"}],"version-history":[{"count":13,"href":"https:\/\/green-gate.eu\/cs\/wp-json\/wp\/v2\/posts\/12285\/revisions"}],"predecessor-version":[{"id":17126,"href":"https:\/\/green-gate.eu\/cs\/wp-json\/wp\/v2\/posts\/12285\/revisions\/17126"}],"wp:featuredmedia":[{"embeddable":true,"href":"https:\/\/green-gate.eu\/cs\/wp-json\/wp\/v2\/media\/3780"}],"wp:attachment":[{"href":"https:\/\/green-gate.eu\/cs\/wp-json\/wp\/v2\/media?parent=12285"}],"wp:term":[{"taxonomy":"category","embeddable":true,"href":"https:\/\/green-gate.eu\/cs\/wp-json\/wp\/v2\/categories?post=12285"},{"taxonomy":"post_tag","embeddable":true,"href":"https:\/\/green-gate.eu\/cs\/wp-json\/wp\/v2\/tags?post=12285"},{"taxonomy":"author","embeddable":true,"href":"https:\/\/green-gate.eu\/cs\/wp-json\/wp\/v2\/ppma_author?post=12285"}],"curies":[{"name":"wp","href":"https:\/\/api.w.org\/{rel}","templated":true}]}}